{"id":20748,"date":"2019-03-10T15:14:05","date_gmt":"2019-03-10T19:14:05","guid":{"rendered":"https:\/\/linitiative.ca\/International\/pros-mesloub-on-devait-se-racheter-de-notre-contre-performance-a-paris\/"},"modified":"2019-03-10T15:14:05","modified_gmt":"2019-03-10T19:14:05","slug":"pros-mesloub-on-devait-se-racheter-de-notre-contre-performance-a-paris","status":"publish","type":"post","link":"https:\/\/linitiative.ca\/International\/pros-mesloub-on-devait-se-racheter-de-notre-contre-performance-a-paris\/","title":{"rendered":"Pros : Mesloub: \u00abOn devait se racheter de notre contre-performance \u00e0 Paris\u00bb"},"content":{"rendered":"<div readability=\"32\">\n<p>Auteur : <span>Riad O.<\/span> <span class=\"time\">dimanche 10 mars 2019 16:52<\/span><\/p>\n<\/div>\n<div id=\"post_core\" readability=\"43\">\n<p>A l\u2019issue de la rencontre face \u00e0 l\u2019AJA, le capitaine lensois, Walid Mesloub, \u00e9tait satisfait de l\u2019attitude de son \u00e9quipe. Pour le joueur milieu de terrain Alg\u00e9rien, titulaire \u00e0 l\u2019animation du jeu, il \u00e9tait important de rebondir tout de suite apr\u00e8s la d\u00e9convenue survenue dimanche dernier sur le terrain du Paris FC (2-0). Tout en se montrant satisfait de ce succ\u00e8s acquis face \u00e0 l\u2019AJA, Mesloub esp\u00e8re que cela ne va pas s\u2019arr\u00eater l\u00e0 : \u00abOn voulait se racheter de notre contre-performance face au Paris FC. Je suis content parce que l\u2019\u00e9quipe a montr\u00e9 un beau visage. Ce n\u2019\u00e9tait pas facile avec les conditions climatiques. On a vraiment fait un bon match. Ces trois points nous font du bien. Cette semaine, on a beaucoup discut\u00e9 entre nous. On est compl\u00e8tement pass\u00e9 \u00e0 c\u00f4t\u00e9 contre le Paris FC. On avait \u00e0 c\u0153ur de se racheter. Maintenant, on sait qu\u2019il reste encore 10 matchs tr\u00e8s importants.\u00bb<\/p>\n<p><strong>Publi\u00e9 dans :<\/strong> <span>Mesloub<\/span><\/p>\n<\/div>\n<p>Auteur:<br \/>\n<a href=\"http:\/\/www.lebuteur.com\/article\/detail?titre=mesloub-on-devait-se-racheter-de-notre-contre-performance-a-paris&#038;id=87030&#038;utm_source=feedburner&#038;utm_medium=feed&#038;utm_campaign=Feed%3A+GalerieFArtciles+%28Les+derniers+articles++-+lebuteur.com%29\">Cliquez ici pour lire l&rsquo;article depuis sa source.<\/a><\/p>\n","protected":false},"excerpt":{"rendered":"<p>Auteur : Riad O. dimanche 10 mars 2019 16:52 A l\u2019issue de la rencontre face \u00e0 l\u2019AJA, le capitaine lensois, Walid Mesloub, \u00e9tait satisfait de l\u2019attitude de son \u00e9quipe. Pour le joueur milieu de terrain Alg\u00e9rien, titulaire \u00e0 l\u2019animation du jeu, il \u00e9tait important de rebondir tout de suite apr\u00e8s la d\u00e9convenue survenue dimanche dernier [&hellip;]<\/p>\n","protected":false},"author":1738,"featured_media":20749,"comment_status":"closed","ping_status":"closed","sticky":false,"template":"","format":"standard","meta":{"fifu_image_url":"","fifu_image_alt":"","footnotes":""},"categories":[53,75],"tags":[],"class_list":["post-20748","post","type-post","status-publish","format-standard","has-post-thumbnail","hentry","category-algerie","category-sport"],"_links":{"self":[{"href":"https:\/\/linitiative.ca\/International\/wp-json\/wp\/v2\/posts\/20748","targetHints":{"allow":["GET"]}}],"collection":[{"href":"https:\/\/linitiative.ca\/International\/wp-json\/wp\/v2\/posts"}],"about":[{"href":"https:\/\/linitiative.ca\/International\/wp-json\/wp\/v2\/types\/post"}],"author":[{"embeddable":true,"href":"https:\/\/linitiative.ca\/International\/wp-json\/wp\/v2\/users\/1738"}],"replies":[{"embeddable":true,"href":"https:\/\/linitiative.ca\/International\/wp-json\/wp\/v2\/comments?post=20748"}],"version-history":[{"count":0,"href":"https:\/\/linitiative.ca\/International\/wp-json\/wp\/v2\/posts\/20748\/revisions"}],"wp:featuredmedia":[{"embeddable":true,"href":"https:\/\/linitiative.ca\/International\/wp-json\/"}],"wp:attachment":[{"href":"https:\/\/linitiative.ca\/International\/wp-json\/wp\/v2\/media?parent=20748"}],"wp:term":[{"taxonomy":"category","embeddable":true,"href":"https:\/\/linitiative.ca\/International\/wp-json\/wp\/v2\/categories?post=20748"},{"taxonomy":"post_tag","embeddable":true,"href":"https:\/\/linitiative.ca\/International\/wp-json\/wp\/v2\/tags?post=20748"}],"curies":[{"name":"wp","href":"https:\/\/api.w.org\/{rel}","templated":true}]}}