{"id":20750,"date":"2019-03-10T15:14:06","date_gmt":"2019-03-10T19:14:06","guid":{"rendered":"https:\/\/linitiative.ca\/International\/pros-tahrat-ca-me-demange-de-rejouer\/"},"modified":"2019-03-10T15:14:06","modified_gmt":"2019-03-10T19:14:06","slug":"pros-tahrat-ca-me-demange-de-rejouer","status":"publish","type":"post","link":"https:\/\/linitiative.ca\/International\/pros-tahrat-ca-me-demange-de-rejouer\/","title":{"rendered":"Pros : Tahrat : \u00abCa me d\u00e9mange de rejouer\u00bb"},"content":{"rendered":"<div readability=\"32\">\n<p>Auteur : <span>Riad O.<\/span> <span class=\"time\">dimanche 10 mars 2019 16:53<\/span><\/p>\n<\/div>\n<div id=\"post_core\" readability=\"36\">\n<p>Pr\u00e9sent au stade lors de la victoire des siens face \u00e0 l\u2019AJ Auxerre, Mehdi Tahrat n\u2019a pas cach\u00e9 sa h\u00e2te de revenir sur les terrains sous le maillot Sang et Or et d&rsquo;aider son team dans la qu\u00eate de la mont\u00e9e en Ligue 1 Conforama: \u00abJe ne le cache pas : \u00e7a nous d\u00e9mange de rejouer. On en parlait en tribunes. On a h\u00e2te de revenir pour aider l&rsquo;\u00e9quipe.\u00bb a-t-il d\u00e9clar\u00e9 \u00e0 beIN Sports \u00e0 l\u2019issue du match face \u00e0 l\u2019AJ Auxerre.<\/p>\n<p><strong>Publi\u00e9 dans :<\/strong> <span>Tahrat<\/span><\/p>\n<\/div>\n<p>Auteur:<br \/>\n<a href=\"http:\/\/www.lebuteur.com\/article\/detail?titre=tahrat-ca-me-demange-de-rejouer&#038;id=87031&#038;utm_source=feedburner&#038;utm_medium=feed&#038;utm_campaign=Feed%3A+GalerieFArtciles+%28Les+derniers+articles++-+lebuteur.com%29\">Cliquez ici pour lire l&rsquo;article depuis sa source.<\/a><\/p>\n","protected":false},"excerpt":{"rendered":"<p>Auteur : Riad O. dimanche 10 mars 2019 16:53 Pr\u00e9sent au stade lors de la victoire des siens face \u00e0 l\u2019AJ Auxerre, Mehdi Tahrat n\u2019a pas cach\u00e9 sa h\u00e2te de revenir sur les terrains sous le maillot Sang et Or et d&rsquo;aider son team dans la qu\u00eate de la mont\u00e9e en Ligue 1 Conforama: \u00abJe [&hellip;]<\/p>\n","protected":false},"author":1738,"featured_media":20751,"comment_status":"closed","ping_status":"closed","sticky":false,"template":"","format":"standard","meta":{"fifu_image_url":"","fifu_image_alt":"","footnotes":""},"categories":[53,75],"tags":[],"class_list":["post-20750","post","type-post","status-publish","format-standard","has-post-thumbnail","hentry","category-algerie","category-sport"],"_links":{"self":[{"href":"https:\/\/linitiative.ca\/International\/wp-json\/wp\/v2\/posts\/20750","targetHints":{"allow":["GET"]}}],"collection":[{"href":"https:\/\/linitiative.ca\/International\/wp-json\/wp\/v2\/posts"}],"about":[{"href":"https:\/\/linitiative.ca\/International\/wp-json\/wp\/v2\/types\/post"}],"author":[{"embeddable":true,"href":"https:\/\/linitiative.ca\/International\/wp-json\/wp\/v2\/users\/1738"}],"replies":[{"embeddable":true,"href":"https:\/\/linitiative.ca\/International\/wp-json\/wp\/v2\/comments?post=20750"}],"version-history":[{"count":0,"href":"https:\/\/linitiative.ca\/International\/wp-json\/wp\/v2\/posts\/20750\/revisions"}],"wp:featuredmedia":[{"embeddable":true,"href":"https:\/\/linitiative.ca\/International\/wp-json\/"}],"wp:attachment":[{"href":"https:\/\/linitiative.ca\/International\/wp-json\/wp\/v2\/media?parent=20750"}],"wp:term":[{"taxonomy":"category","embeddable":true,"href":"https:\/\/linitiative.ca\/International\/wp-json\/wp\/v2\/categories?post=20750"},{"taxonomy":"post_tag","embeddable":true,"href":"https:\/\/linitiative.ca\/International\/wp-json\/wp\/v2\/tags?post=20750"}],"curies":[{"name":"wp","href":"https:\/\/api.w.org\/{rel}","templated":true}]}}