{"id":20752,"date":"2019-03-10T15:14:07","date_gmt":"2019-03-10T19:14:07","guid":{"rendered":"https:\/\/linitiative.ca\/International\/pros-vincent-hognon-entraineur-adjoint-du-fc-metz-boulaya-realise-sans-aucun-doute-la-meilleure-saison-de-sa-carriere\/"},"modified":"2019-03-10T15:14:07","modified_gmt":"2019-03-10T19:14:07","slug":"pros-vincent-hognon-entraineur-adjoint-du-fc-metz-boulaya-realise-sans-aucun-doute-la-meilleure-saison-de-sa-carriere","status":"publish","type":"post","link":"https:\/\/linitiative.ca\/International\/pros-vincent-hognon-entraineur-adjoint-du-fc-metz-boulaya-realise-sans-aucun-doute-la-meilleure-saison-de-sa-carriere\/","title":{"rendered":"Pros : Vincent Hognon (entra\u00eeneur adjoint du FC Metz): \u00abBoulaya r\u00e9alise sans aucun doute la meilleure saison de sa carri\u00e8re\u00bb"},"content":{"rendered":"<div readability=\"32\">\n<p>Auteur : <span>Riad O.<\/span> <span class=\"time\">dimanche 10 mars 2019 16:54<\/span><\/p>\n<\/div>\n<div id=\"post_core\" readability=\"41\">\n<p>Pour sa part, l\u2019entra\u00eeneur adjoint du FC Metz, Vincent Hognon n\u2019a pas tari d\u2019\u00e9loges sur son joueur Alg\u00e9rien en d\u00e9clarant \u00e0 son sujet : \u00abIl r\u00e9alise sans aucun doute la meilleure saison de sa carri\u00e8re. Il travaille beaucoup, ce qui est toujours tr\u00e8s appr\u00e9ciable pour un entra\u00eeneur. C\u2019est vrai que par moments, \u00e0 l\u2019int\u00e9rieur d\u2019un m\u00eame match ou sur des s\u00e9quences de deux-trois rencontres, Farid a tendance \u00e0 \u00eatre irr\u00e9gulier.\u00bb tranche Vincent Hognon, l\u2019entra\u00eeneur adjoint messin. Boulaya aura l\u2019occasion ce soir de confirmer une nouvelle fois son talent lors du match qui opposera son team au FC Sochaux dans le cadre de la 28\u00e8me journ\u00e9e de la Domino\u2019s Ligue 2.<\/p>\n<p><strong>Publi\u00e9 dans :<\/strong> <span>Boulaya<\/span><\/p>\n<\/div>\n<p>Auteur:<br \/>\n<a href=\"http:\/\/www.lebuteur.com\/article\/detail?titre=vincent-hognon-entraineur-adjoint-du-fc-metz-boulaya-realise-sans-aucun-doute-la-meilleure-saison-de-sa-carriere&#038;id=87032&#038;utm_source=feedburner&#038;utm_medium=feed&#038;utm_campaign=Feed%3A+GalerieFArtciles+%28Les+derniers+articles++-+lebuteur.com%29\">Cliquez ici pour lire l&rsquo;article depuis sa source.<\/a><\/p>\n","protected":false},"excerpt":{"rendered":"<p>Auteur : Riad O. dimanche 10 mars 2019 16:54 Pour sa part, l\u2019entra\u00eeneur adjoint du FC Metz, Vincent Hognon n\u2019a pas tari d\u2019\u00e9loges sur son joueur Alg\u00e9rien en d\u00e9clarant \u00e0 son sujet : \u00abIl r\u00e9alise sans aucun doute la meilleure saison de sa carri\u00e8re. Il travaille beaucoup, ce qui est toujours tr\u00e8s appr\u00e9ciable pour un [&hellip;]<\/p>\n","protected":false},"author":1738,"featured_media":20753,"comment_status":"closed","ping_status":"closed","sticky":false,"template":"","format":"standard","meta":{"fifu_image_url":"","fifu_image_alt":"","footnotes":""},"categories":[53,75],"tags":[],"class_list":["post-20752","post","type-post","status-publish","format-standard","has-post-thumbnail","hentry","category-algerie","category-sport"],"_links":{"self":[{"href":"https:\/\/linitiative.ca\/International\/wp-json\/wp\/v2\/posts\/20752","targetHints":{"allow":["GET"]}}],"collection":[{"href":"https:\/\/linitiative.ca\/International\/wp-json\/wp\/v2\/posts"}],"about":[{"href":"https:\/\/linitiative.ca\/International\/wp-json\/wp\/v2\/types\/post"}],"author":[{"embeddable":true,"href":"https:\/\/linitiative.ca\/International\/wp-json\/wp\/v2\/users\/1738"}],"replies":[{"embeddable":true,"href":"https:\/\/linitiative.ca\/International\/wp-json\/wp\/v2\/comments?post=20752"}],"version-history":[{"count":0,"href":"https:\/\/linitiative.ca\/International\/wp-json\/wp\/v2\/posts\/20752\/revisions"}],"wp:featuredmedia":[{"embeddable":true,"href":"https:\/\/linitiative.ca\/International\/wp-json\/"}],"wp:attachment":[{"href":"https:\/\/linitiative.ca\/International\/wp-json\/wp\/v2\/media?parent=20752"}],"wp:term":[{"taxonomy":"category","embeddable":true,"href":"https:\/\/linitiative.ca\/International\/wp-json\/wp\/v2\/categories?post=20752"},{"taxonomy":"post_tag","embeddable":true,"href":"https:\/\/linitiative.ca\/International\/wp-json\/wp\/v2\/tags?post=20752"}],"curies":[{"name":"wp","href":"https:\/\/api.w.org\/{rel}","templated":true}]}}