{"id":20754,"date":"2019-03-10T15:14:09","date_gmt":"2019-03-10T19:14:09","guid":{"rendered":"https:\/\/linitiative.ca\/International\/equipe-dalgerie-belhadj-voila-pourquoi-jai-quitte-len\/"},"modified":"2019-03-10T15:14:09","modified_gmt":"2019-03-10T19:14:09","slug":"equipe-dalgerie-belhadj-voila-pourquoi-jai-quitte-len","status":"publish","type":"post","link":"https:\/\/linitiative.ca\/International\/equipe-dalgerie-belhadj-voila-pourquoi-jai-quitte-len\/","title":{"rendered":"Equipe d&rsquo;Alg\u00e9rie : Belhadj : \u00abVoila pourquoi j\u2019ai quitt\u00e9 l\u2019EN\u00bb"},"content":{"rendered":"<div readability=\"32\">\n<p>Auteur : <span>Riad O.<\/span> <span class=\"time\">dimanche 10 mars 2019 16:55<\/span><\/p>\n<\/div>\n<div id=\"post_core\" readability=\"40\">\n<p>L\u2019ancien d\u00e9fenseur arri\u00e8re gauche de l\u2019EN, Nadir Belhadj est revenu sur les raisons de sa retraite internationale en 2012. L\u2019ancien joueur des Verts a ainsi d\u00e9clar\u00e9 \u00e0 Alaraby que cette d\u00e9cision avait \u00e9t\u00e9 murement r\u00e9fl\u00e9chi, ajoutant aussi : \u00abIl n\u2019y a pas de raison particuli\u00e8re derri\u00e8re ma d\u00e9cision de prendre ma retraite internationale. J\u2019\u00e9tais fatigu\u00e9 en raison des longs voyages. Il faut savoir que ce n\u2019est pas facile de jouer en Afrique puis de voyager vers l\u2019Europe ou bien vers l\u2019Asie.\u00bb a-t-il d\u00e9clar\u00e9, avant d\u2019ajouter : \u00abL\u2019essentiel est que j\u2019ai v\u00e9cu des moments inoubliables en s\u00e9lection. Notamment lors de la coupe d\u2019Afrique en Angola ou bien lors du mondial 2010 en Afrique du sud. Par la suite, il y\u2019a l\u2019arriv\u00e9e d\u2019une nouvelle g\u00e9n\u00e9ration de jeunes joueurs. On est parti les uns apr\u00e8s les autres tels que Karim Matmour, Antar Yahia et Ziani. Seul Madjid Bougherra est rest\u00e9. Je pense que je pouvais poursuivre pour deux saisons suppl\u00e9mentaires l\u2019aventure avec les Verts. Mais j\u2019avais d\u00e9cid\u00e9 de prendre ma retraite internationale. C\u2019\u00e9tait mon choix.\u00bb<\/p>\n<p><strong>Publi\u00e9 dans :<\/strong> <span>Benlhadj<\/span><\/p>\n<\/div>\n<p>Auteur:<br \/>\n<a href=\"http:\/\/www.lebuteur.com\/article\/detail?titre=belhadj-voila-pourquoi-jai-quitte-len&#038;id=87033&#038;utm_source=feedburner&#038;utm_medium=feed&#038;utm_campaign=Feed%3A+GalerieFArtciles+%28Les+derniers+articles++-+lebuteur.com%29\">Cliquez ici pour lire l&rsquo;article depuis sa source.<\/a><\/p>\n","protected":false},"excerpt":{"rendered":"<p>Auteur : Riad O. dimanche 10 mars 2019 16:55 L\u2019ancien d\u00e9fenseur arri\u00e8re gauche de l\u2019EN, Nadir Belhadj est revenu sur les raisons de sa retraite internationale en 2012. L\u2019ancien joueur des Verts a ainsi d\u00e9clar\u00e9 \u00e0 Alaraby que cette d\u00e9cision avait \u00e9t\u00e9 murement r\u00e9fl\u00e9chi, ajoutant aussi : \u00abIl n\u2019y a pas de raison particuli\u00e8re derri\u00e8re [&hellip;]<\/p>\n","protected":false},"author":1738,"featured_media":20755,"comment_status":"closed","ping_status":"closed","sticky":false,"template":"","format":"standard","meta":{"fifu_image_url":"","fifu_image_alt":"","footnotes":""},"categories":[53,75],"tags":[],"class_list":["post-20754","post","type-post","status-publish","format-standard","has-post-thumbnail","hentry","category-algerie","category-sport"],"_links":{"self":[{"href":"https:\/\/linitiative.ca\/International\/wp-json\/wp\/v2\/posts\/20754","targetHints":{"allow":["GET"]}}],"collection":[{"href":"https:\/\/linitiative.ca\/International\/wp-json\/wp\/v2\/posts"}],"about":[{"href":"https:\/\/linitiative.ca\/International\/wp-json\/wp\/v2\/types\/post"}],"author":[{"embeddable":true,"href":"https:\/\/linitiative.ca\/International\/wp-json\/wp\/v2\/users\/1738"}],"replies":[{"embeddable":true,"href":"https:\/\/linitiative.ca\/International\/wp-json\/wp\/v2\/comments?post=20754"}],"version-history":[{"count":0,"href":"https:\/\/linitiative.ca\/International\/wp-json\/wp\/v2\/posts\/20754\/revisions"}],"wp:featuredmedia":[{"embeddable":true,"href":"https:\/\/linitiative.ca\/International\/wp-json\/"}],"wp:attachment":[{"href":"https:\/\/linitiative.ca\/International\/wp-json\/wp\/v2\/media?parent=20754"}],"wp:term":[{"taxonomy":"category","embeddable":true,"href":"https:\/\/linitiative.ca\/International\/wp-json\/wp\/v2\/categories?post=20754"},{"taxonomy":"post_tag","embeddable":true,"href":"https:\/\/linitiative.ca\/International\/wp-json\/wp\/v2\/tags?post=20754"}],"curies":[{"name":"wp","href":"https:\/\/api.w.org\/{rel}","templated":true}]}}