{"id":20756,"date":"2019-03-10T15:14:10","date_gmt":"2019-03-10T19:14:10","guid":{"rendered":"https:\/\/linitiative.ca\/International\/international-real-madrid-zidane-mourinho-les-plans-de-perez-se-confirmeraient\/"},"modified":"2019-03-10T15:14:10","modified_gmt":"2019-03-10T19:14:10","slug":"international-real-madrid-zidane-mourinho-les-plans-de-perez-se-confirmeraient","status":"publish","type":"post","link":"https:\/\/linitiative.ca\/International\/international-real-madrid-zidane-mourinho-les-plans-de-perez-se-confirmeraient\/","title":{"rendered":"International : Real Madrid : Zidane, Mourinho\u2026 Les plans de P\u00e9rez se confirmeraient !"},"content":{"rendered":"<div readability=\"32\">\n<p>Auteur : <span class=\"time\">dimanche 10 mars 2019 19:01<\/span><\/p>\n<\/div>\n<div id=\"post_core\" readability=\"42\">\n<p>Les 3 derni\u00e8res d\u00e9faites du Real Madrid contre le FC Barcelone puis l\u2019Ajax Amsterdam devraient \u00eatre fatales pour Santiago Solari. Nomm\u00e9 \u00e0 la fin de l\u2019ann\u00e9e 2018 pour remplacer Julen Lopetegui, l\u2019Argentin ne devrait pas rester au Real Madrid la saison prochaine. Florentino P\u00e9rez pourrait m\u00eame d\u00e9cider de licencier son entra\u00eeneur dans les prochains jours s\u2019il venait \u00e0 lui trouver un successeur. Zinedine Zidane et Jos\u00e9 Mourinho seraient les deux grands favoris pour d\u00e9barquer au Real Madrid, mais le Portugais disposerait aujourd\u2019hui d\u2019une longueur d\u2019avance. Selon les informations de T\u00e9l\u00e9foot, c\u2019est bien Jos\u00e9 Mourinho qui pourrait devenir le prochain entra\u00eeneur du Real Madrid. Si Florentino P\u00e9rez aurait bien contact\u00e9 Zinedine Zidane, le Special One serait aujourd\u2019hui le favori pour revenir chez les Merengue, lui qui fut l\u2019entra\u00eeneur du club entre 2010 et 2013. Un seul probl\u00e8me bloquerait toutefois cette arriv\u00e9e. Le pr\u00e9sident madril\u00e8ne souhaiterait engager le Portugais d\u00e8s la semaine prochaine tandis que l\u2019ancien tacticien de Manchester United d\u00e9sirerait attendre l\u2019\u00e9t\u00e9 prochain. Reste \u00e0 voir si ce d\u00e9saccord sera surmont\u00e9 ou non rapporte Le 10 Sport.<\/p>\n<p><strong>Publi\u00e9 dans :<\/strong> <span>Zidane<\/span> <span>mourinho<\/span><\/p>\n<\/div>\n<p>Auteur:<br \/>\n<a href=\"http:\/\/www.lebuteur.com\/article\/detail?titre=real-madrid-zidane-mourinho%E2%80%A6-les-plans-de-perez-se-confirmeraient&#038;id=87034&#038;utm_source=feedburner&#038;utm_medium=feed&#038;utm_campaign=Feed%3A+GalerieFArtciles+%28Les+derniers+articles++-+lebuteur.com%29\">Cliquez ici pour lire l&rsquo;article depuis sa source.<\/a><\/p>\n","protected":false},"excerpt":{"rendered":"<p>Auteur : dimanche 10 mars 2019 19:01 Les 3 derni\u00e8res d\u00e9faites du Real Madrid contre le FC Barcelone puis l\u2019Ajax Amsterdam devraient \u00eatre fatales pour Santiago Solari. Nomm\u00e9 \u00e0 la fin de l\u2019ann\u00e9e 2018 pour remplacer Julen Lopetegui, l\u2019Argentin ne devrait pas rester au Real Madrid la saison prochaine. Florentino P\u00e9rez pourrait m\u00eame d\u00e9cider de [&hellip;]<\/p>\n","protected":false},"author":1738,"featured_media":20757,"comment_status":"closed","ping_status":"closed","sticky":false,"template":"","format":"standard","meta":{"fifu_image_url":"","fifu_image_alt":"","footnotes":""},"categories":[53,75],"tags":[],"class_list":["post-20756","post","type-post","status-publish","format-standard","has-post-thumbnail","hentry","category-algerie","category-sport"],"_links":{"self":[{"href":"https:\/\/linitiative.ca\/International\/wp-json\/wp\/v2\/posts\/20756","targetHints":{"allow":["GET"]}}],"collection":[{"href":"https:\/\/linitiative.ca\/International\/wp-json\/wp\/v2\/posts"}],"about":[{"href":"https:\/\/linitiative.ca\/International\/wp-json\/wp\/v2\/types\/post"}],"author":[{"embeddable":true,"href":"https:\/\/linitiative.ca\/International\/wp-json\/wp\/v2\/users\/1738"}],"replies":[{"embeddable":true,"href":"https:\/\/linitiative.ca\/International\/wp-json\/wp\/v2\/comments?post=20756"}],"version-history":[{"count":0,"href":"https:\/\/linitiative.ca\/International\/wp-json\/wp\/v2\/posts\/20756\/revisions"}],"wp:featuredmedia":[{"embeddable":true,"href":"https:\/\/linitiative.ca\/International\/wp-json\/"}],"wp:attachment":[{"href":"https:\/\/linitiative.ca\/International\/wp-json\/wp\/v2\/media?parent=20756"}],"wp:term":[{"taxonomy":"category","embeddable":true,"href":"https:\/\/linitiative.ca\/International\/wp-json\/wp\/v2\/categories?post=20756"},{"taxonomy":"post_tag","embeddable":true,"href":"https:\/\/linitiative.ca\/International\/wp-json\/wp\/v2\/tags?post=20756"}],"curies":[{"name":"wp","href":"https:\/\/api.w.org\/{rel}","templated":true}]}}