{"id":20758,"date":"2019-03-10T15:14:11","date_gmt":"2019-03-10T19:14:11","guid":{"rendered":"https:\/\/linitiative.ca\/International\/pros-ligue-1-france-rennes-simpose-facilement-face-a-caen-zeffane-et-bensebaini-ont-joue\/"},"modified":"2019-03-10T15:14:11","modified_gmt":"2019-03-10T19:14:11","slug":"pros-ligue-1-france-rennes-simpose-facilement-face-a-caen-zeffane-et-bensebaini-ont-joue","status":"publish","type":"post","link":"https:\/\/linitiative.ca\/International\/pros-ligue-1-france-rennes-simpose-facilement-face-a-caen-zeffane-et-bensebaini-ont-joue\/","title":{"rendered":"Pros : Ligue 1 (France) : Rennes s&rsquo;impose facilement face \u00e0 Caen. Zeffane et bensebaini ont jou\u00e9"},"content":{"rendered":"<div readability=\"32\">\n<p>Auteur : <span class=\"time\">dimanche 10 mars 2019 19:46<\/span><\/p>\n<\/div>\n<div id=\"post_core\" readability=\"42\">\n<p>Bensebaini et ses co\u00e9quipiers ont en effet dispos\u00e9 de Caen (3-1) ce dimanche, lors de la 28e journ\u00e9e de Ligue 1 fran\u00e7aise. En lutte pour le maintien, les Caennais ont pourtant ouvert le score par Casimir Ninga (20e). Ils ont aussi \u00e9t\u00e9 r\u00e9duits \u00e0 dix apr\u00e8s l\u2019expulsion de Yoel Armougom, ce dernier ayant \u00e9cop\u00e9 de deux cartons jaunes coup sur coup (25e, 35e) comme l&rsquo;indique Sport24. Benjamin Bourigeaud (39e), Adrien Hunou (58e) et Mbaye Niang (62e) ont ensuite marqu\u00e9 pour Rennes, huiti\u00e8me au classement du championnat de France et qui se rendra jeudi \u00e0 l\u2019Emirates Stadium pour d\u00e9fier les Gunners d\u2019Unai Emery, apr\u00e8s avoir remport\u00e9 le match aller 3-1 en Bretagne jeudi dernier.<\/p>\n<p><strong>Publi\u00e9 dans :<\/strong> <span>RENNES<\/span><\/p>\n<\/div>\n<p>Auteur:<br \/>\n<a href=\"http:\/\/www.lebuteur.com\/article\/detail?titre=ligue-1-france-rennes-simpose-facilement-face-a-caen-zeffane-et-bensebaini-ont-joue&#038;id=87035&#038;utm_source=feedburner&#038;utm_medium=feed&#038;utm_campaign=Feed%3A+GalerieFArtciles+%28Les+derniers+articles++-+lebuteur.com%29\">Cliquez ici pour lire l&rsquo;article depuis sa source.<\/a><\/p>\n","protected":false},"excerpt":{"rendered":"<p>Auteur : dimanche 10 mars 2019 19:46 Bensebaini et ses co\u00e9quipiers ont en effet dispos\u00e9 de Caen (3-1) ce dimanche, lors de la 28e journ\u00e9e de Ligue 1 fran\u00e7aise. En lutte pour le maintien, les Caennais ont pourtant ouvert le score par Casimir Ninga (20e). Ils ont aussi \u00e9t\u00e9 r\u00e9duits \u00e0 dix apr\u00e8s l\u2019expulsion de [&hellip;]<\/p>\n","protected":false},"author":1738,"featured_media":20759,"comment_status":"closed","ping_status":"closed","sticky":false,"template":"","format":"standard","meta":{"fifu_image_url":"","fifu_image_alt":"","footnotes":""},"categories":[53,75],"tags":[],"class_list":["post-20758","post","type-post","status-publish","format-standard","has-post-thumbnail","hentry","category-algerie","category-sport"],"_links":{"self":[{"href":"https:\/\/linitiative.ca\/International\/wp-json\/wp\/v2\/posts\/20758","targetHints":{"allow":["GET"]}}],"collection":[{"href":"https:\/\/linitiative.ca\/International\/wp-json\/wp\/v2\/posts"}],"about":[{"href":"https:\/\/linitiative.ca\/International\/wp-json\/wp\/v2\/types\/post"}],"author":[{"embeddable":true,"href":"https:\/\/linitiative.ca\/International\/wp-json\/wp\/v2\/users\/1738"}],"replies":[{"embeddable":true,"href":"https:\/\/linitiative.ca\/International\/wp-json\/wp\/v2\/comments?post=20758"}],"version-history":[{"count":0,"href":"https:\/\/linitiative.ca\/International\/wp-json\/wp\/v2\/posts\/20758\/revisions"}],"wp:featuredmedia":[{"embeddable":true,"href":"https:\/\/linitiative.ca\/International\/wp-json\/"}],"wp:attachment":[{"href":"https:\/\/linitiative.ca\/International\/wp-json\/wp\/v2\/media?parent=20758"}],"wp:term":[{"taxonomy":"category","embeddable":true,"href":"https:\/\/linitiative.ca\/International\/wp-json\/wp\/v2\/categories?post=20758"},{"taxonomy":"post_tag","embeddable":true,"href":"https:\/\/linitiative.ca\/International\/wp-json\/wp\/v2\/tags?post=20758"}],"curies":[{"name":"wp","href":"https:\/\/api.w.org\/{rel}","templated":true}]}}