{"id":20760,"date":"2019-03-09T19:00:00","date_gmt":"2019-03-10T00:00:00","guid":{"rendered":"https:\/\/linitiative.ca\/International\/gilets-jaunes-17e-samedi-consecutif-accroitre-la-pression-sur-le-president-macron\/"},"modified":"2019-03-09T19:00:00","modified_gmt":"2019-03-10T00:00:00","slug":"gilets-jaunes-17e-samedi-consecutif-accroitre-la-pression-sur-le-president-macron","status":"publish","type":"post","link":"https:\/\/linitiative.ca\/International\/gilets-jaunes-17e-samedi-consecutif-accroitre-la-pression-sur-le-president-macron\/","title":{"rendered":"\u00abGilets Jaunes\u00bb, 17e samedi cons\u00e9cutif      :  Accro\u00eetre la pression sur le pr\u00e9sident Macron"},"content":{"rendered":"<p><strong>Des milliers de \u00abgilets jaunes\u00bb ont manifest\u00e9 pour le 17e samedi cons\u00e9cutif \u00e0 travers la France, pour d\u00e9noncer la politique fiscale et sociale du pr\u00e9sident Emmanuel Macron, avec plusieurs mobilisations aux revendications multiples.<\/strong><\/p>\n<p>Samedi \u00e0 13H00 GMT, quelque 7.000 protestataires \u00e9taient r\u00e9unis dans toute la France, dont environ 2.800 \u00e0 Paris, a indiqu\u00e9 le minist\u00e8re de l&rsquo;Int\u00e9rieur. Samedi 2 mars \u00e0 la m\u00eame heure, ils \u00e9taient 5.600 sur l&rsquo;ensemble du pays, dont 1.320 dans la capitale. Les \u00ab\u00a0gilets jaunes\u00a0\u00bb \u00e9taient 282.000 \u00e0 manifester le 17 novembre quand ils ont lanc\u00e9 leur mouvement in\u00e9dit dans sa forme apolitique et asyndicale, qui portait alors sur le prix des carburants jug\u00e9s trop \u00e9lev\u00e9s et la relance du pouvoir d&rsquo;achat. Cette fronde populaire est la pire crise essuy\u00e9e par le pr\u00e9sident Macron depuis son \u00e9lection en 2017. Les manifestants assurent que leur mobilisation reste enti\u00e8re, \u00e0 une semaine de la fin du \u00ab\u00a0grand d\u00e9bat national\u00a0\u00bb voulu par le gouvernement pour \u00e9couter les dol\u00e9ances et apporter des solutions politiques \u00e0 cette contestation sociale de grande ampleur.\u00a0\u00a0<\/p>\n<p><strong>\u00ab Acte d\u00e9cisif : nous ne bougerons pas. \u00bb<\/strong><\/p>\n<p>Le principal \u00e9v\u00e9nement du week-end \u00e0 Paris proposait de camper et de faire un sit-in sur le Champ-de-Mars, au pied de la Tour Eiffel. Mais il a vite tourn\u00e9 court : d\u00e8s vendredi soir, une trentaine de manifestants ont tent\u00e9 d&rsquo;installer quelques structures pr\u00e8s de la Tour Eiffel, mais ont rapidement \u00e9t\u00e9 d\u00e9log\u00e9s par les forces de l&rsquo;ordre. Samedi matin, une manifestation a d\u00e9but\u00e9 sur les Champs-Elys\u00e9es avec pour objectif de faire \u00ab\u00a0converger toutes les mobilisations\u00a0\u00bb. Une centaine de \u00ab\u00a0gilets jaunes\u00a0\u00bb ont d&rsquo;abord c\u00f4toy\u00e9 devant l&rsquo;Arc de Triomphe des syndicats en gilets rouges, des assistantes maternelles en gilets roses et des femmes manifestant pour l&rsquo;\u00e9galit\u00e9, au lendemain de la Journ\u00e9e internationale des droits des femmes. \u00ab\u00a0\u00c9galit\u00e9 femme\/homme, le compte n&rsquo;y est pas\u00a0\u00bb, pouvait-on lire sur une grande banderole violette. Des manifestations se sont \u00e9galement tenues dans de nombreuses autres villes, notamment \u00e0 Nantes (Ouest), o\u00f9 des \u00e9chauffour\u00e9es ont \u00e9clat\u00e9 entre les forces de l&rsquo;ordre et quelques dizaines de \u00ab\u00a0gilets\u00a0\u00bb qui leur jetaient des excr\u00e9ments, comme cela a d\u00e9j\u00e0 \u00e9t\u00e9 le cas dans de pr\u00e9c\u00e9dentes manifestations. Quelques heurts ont \u00e9galement eu lieu sur les Champs-Elys\u00e9es \u00e0 Paris, o\u00f9 un face-\u00e0-face tendu se poursuivait avec les forces de l&rsquo;ordre en fin de journ\u00e9e. Pour les \u00ab\u00a0gilets jaunes\u00a0\u00bb, l&rsquo;objectif affich\u00e9 du mois de mars est de renouer avec l&rsquo;esprit des d\u00e9buts du mouvement et d&rsquo;accro\u00eetre la pression sur le pr\u00e9sident Macron. Le 16 mars, le 18e samedi de contestation aura ainsi lieu au lendemain de la fin officielle du grand d\u00e9bat et esp\u00e8re rassembler \u00ab\u00a0la France enti\u00e8re \u00e0 Paris\u00a0\u00bb pour lancer un \u00ab\u00a0ultimatum\u00a0\u00bb au gouvernement.<br \/>\u00a0<\/p>\n<p>Auteur: elmoudjahid<br \/>\n<a href=\"http:\/\/www.elmoudjahid.com\/fr\/actualites\/134594\">Cliquez ici pour lire l&rsquo;article depuis sa source.<\/a><\/p>\n","protected":false},"excerpt":{"rendered":"<p>Des milliers de \u00abgilets jaunes\u00bb ont manifest\u00e9 pour le 17e samedi cons\u00e9cutif \u00e0 travers la France, pour d\u00e9noncer la politique fiscale et sociale du pr\u00e9sident Emmanuel Macron, avec plusieurs mobilisations aux revendications multiples. Samedi \u00e0 13H00 GMT, quelque 7.000 protestataires \u00e9taient r\u00e9unis dans toute la France, dont environ 2.800 \u00e0 Paris, a indiqu\u00e9 le minist\u00e8re [&hellip;]<\/p>\n","protected":false},"author":1744,"featured_media":0,"comment_status":"closed","ping_status":"closed","sticky":false,"template":"","format":"standard","meta":{"fifu_image_url":"","fifu_image_alt":"","footnotes":""},"categories":[73,53],"tags":[],"class_list":["post-20760","post","type-post","status-publish","format-standard","hentry","category-actualite","category-algerie"],"_links":{"self":[{"href":"https:\/\/linitiative.ca\/International\/wp-json\/wp\/v2\/posts\/20760","targetHints":{"allow":["GET"]}}],"collection":[{"href":"https:\/\/linitiative.ca\/International\/wp-json\/wp\/v2\/posts"}],"about":[{"href":"https:\/\/linitiative.ca\/International\/wp-json\/wp\/v2\/types\/post"}],"author":[{"embeddable":true,"href":"https:\/\/linitiative.ca\/International\/wp-json\/wp\/v2\/users\/1744"}],"replies":[{"embeddable":true,"href":"https:\/\/linitiative.ca\/International\/wp-json\/wp\/v2\/comments?post=20760"}],"version-history":[{"count":0,"href":"https:\/\/linitiative.ca\/International\/wp-json\/wp\/v2\/posts\/20760\/revisions"}],"wp:attachment":[{"href":"https:\/\/linitiative.ca\/International\/wp-json\/wp\/v2\/media?parent=20760"}],"wp:term":[{"taxonomy":"category","embeddable":true,"href":"https:\/\/linitiative.ca\/International\/wp-json\/wp\/v2\/categories?post=20760"},{"taxonomy":"post_tag","embeddable":true,"href":"https:\/\/linitiative.ca\/International\/wp-json\/wp\/v2\/tags?post=20760"}],"curies":[{"name":"wp","href":"https:\/\/api.w.org\/{rel}","templated":true}]}}