{"id":20761,"date":"2019-03-09T19:00:00","date_gmt":"2019-03-10T00:00:00","guid":{"rendered":"https:\/\/linitiative.ca\/International\/venezuela-gouvernement-et-opposition-dans-la-rue\/"},"modified":"2019-03-09T19:00:00","modified_gmt":"2019-03-10T00:00:00","slug":"venezuela-gouvernement-et-opposition-dans-la-rue","status":"publish","type":"post","link":"https:\/\/linitiative.ca\/International\/venezuela-gouvernement-et-opposition-dans-la-rue\/","title":{"rendered":"Venezuela : Gouvernement et opposition dans la rue"},"content":{"rendered":"<p>Les deux dirigeants rivaux du Venezuela, Nicolas Maduro et Juan Guaido, devaient d\u00e9filer hier dans les rues du pays, plong\u00e9 dans le chaos par une panne d&rsquo;\u00e9lectricit\u00e9 sans pr\u00e9c\u00e9dent dont ils se rendent mutuellement responsables. Journ\u00e9e de travail et cours suspendus, vols annul\u00e9s, h\u00f4pitaux au ralenti, pillages, rues d\u00e9sertes: depuis jeudi 16h50 heure locale (20h50 GMT), le Venezuela est en grande partie paralys\u00e9 faute de courant.\u00a0 La panne touche Caracas et la quasi-totalit\u00e9 des 23 Etats du pays, qui s&rsquo;appr\u00eatait vendredi soir \u00e0 passer une deuxi\u00e8me nuit dans l&rsquo;obscurit\u00e9. \u00abLe peu de nourriture sal\u00e9e que nous avions, on a d\u00fb le cuisiner pour qu&rsquo;il ne tourne pas trop rapidement (avec la chaleur).<br \/>On dort dehors, on n&rsquo;a pas de r\u00e9seau t\u00e9l\u00e9phonique, tous les magasins sont ferm\u00e9s. La distribution de l&rsquo;eau dans les immeubles, assur\u00e9e par des pompes \u00e9lectriques, a \u00e9t\u00e9 interrompue, ainsi que le r\u00e9seau t\u00e9l\u00e9phonique et internet qui demeure tr\u00e8s instable.\u00a0 Les h\u00f4pitaux connaissent une situation dramatique: ceux qui sont \u00e9quip\u00e9s de g\u00e9n\u00e9rateurs limitent le courant aux services d&rsquo;urgence. Devant un \u00e9tablissement de la capitale, Jos\u00e9 Lugo pleure sa ni\u00e8ce Marielsi Aray, morte \u00e0 25 ans \u00e0 cause de la panne, les appareils respiratoires qui la maintenaient en vie ayant cess\u00e9 de fonctionner. Nicolas Maduro a mobilis\u00e9 il y a quelques jours ses partisans pour d\u00e9filer contre l&rsquo;\u00bbimp\u00e9rialisme\u00bb.<br \/>Le gouvernement, sous pression depuis des semaines, d\u00e9nonce \u00abla guerre imp\u00e9rialiste sur l&rsquo;\u00e9lectricit\u00e9\u00bb. Le ministre de la D\u00e9fense Vladimir Padrino a qualifi\u00e9 la panne d&rsquo;\u00bbagression d\u00e9lib\u00e9r\u00e9e\u00bb des Etats-Unis et a annonc\u00e9 un \u00abd\u00e9ploiement\u00bb de l&rsquo;arm\u00e9e sans plus de d\u00e9tails, lors d&rsquo;une d\u00e9claration sur la t\u00e9l\u00e9vision d&rsquo;Etat VTV. M. Maduro a accus\u00e9 Washington d\u00e8s jeudi. \u00abLa guerre de l&rsquo;\u00e9lectricit\u00e9 annonc\u00e9e et dirig\u00e9e par l&rsquo;imp\u00e9rialisme am\u00e9ricain contre notre peuple sera mise en \u00e9chec. Rien ni personne ne pourra vaincre le peuple de Bolivar et de Chavez. Patriotes, unissez-vous!\u00bb, a-t-il \u00e9crit sur Twitter.<br \/>\u00a0\u00a0\u00a0 R. I.<\/p>\n<p>Auteur: elmoudjahid<br \/>\n<a href=\"http:\/\/www.elmoudjahid.com\/fr\/actualites\/134595\">Cliquez ici pour lire l&rsquo;article depuis sa source.<\/a><\/p>\n","protected":false},"excerpt":{"rendered":"<p>Les deux dirigeants rivaux du Venezuela, Nicolas Maduro et Juan Guaido, devaient d\u00e9filer hier dans les rues du pays, plong\u00e9 dans le chaos par une panne d&rsquo;\u00e9lectricit\u00e9 sans pr\u00e9c\u00e9dent dont ils se rendent mutuellement responsables. Journ\u00e9e de travail et cours suspendus, vols annul\u00e9s, h\u00f4pitaux au ralenti, pillages, rues d\u00e9sertes: depuis jeudi 16h50 heure locale (20h50 [&hellip;]<\/p>\n","protected":false},"author":1744,"featured_media":0,"comment_status":"closed","ping_status":"closed","sticky":false,"template":"","format":"standard","meta":{"fifu_image_url":"","fifu_image_alt":"","footnotes":""},"categories":[73,53],"tags":[],"class_list":["post-20761","post","type-post","status-publish","format-standard","hentry","category-actualite","category-algerie"],"_links":{"self":[{"href":"https:\/\/linitiative.ca\/International\/wp-json\/wp\/v2\/posts\/20761","targetHints":{"allow":["GET"]}}],"collection":[{"href":"https:\/\/linitiative.ca\/International\/wp-json\/wp\/v2\/posts"}],"about":[{"href":"https:\/\/linitiative.ca\/International\/wp-json\/wp\/v2\/types\/post"}],"author":[{"embeddable":true,"href":"https:\/\/linitiative.ca\/International\/wp-json\/wp\/v2\/users\/1744"}],"replies":[{"embeddable":true,"href":"https:\/\/linitiative.ca\/International\/wp-json\/wp\/v2\/comments?post=20761"}],"version-history":[{"count":0,"href":"https:\/\/linitiative.ca\/International\/wp-json\/wp\/v2\/posts\/20761\/revisions"}],"wp:attachment":[{"href":"https:\/\/linitiative.ca\/International\/wp-json\/wp\/v2\/media?parent=20761"}],"wp:term":[{"taxonomy":"category","embeddable":true,"href":"https:\/\/linitiative.ca\/International\/wp-json\/wp\/v2\/categories?post=20761"},{"taxonomy":"post_tag","embeddable":true,"href":"https:\/\/linitiative.ca\/International\/wp-json\/wp\/v2\/tags?post=20761"}],"curies":[{"name":"wp","href":"https:\/\/api.w.org\/{rel}","templated":true}]}}