{"id":20762,"date":"2019-03-09T19:00:00","date_gmt":"2019-03-10T00:00:00","guid":{"rendered":"https:\/\/linitiative.ca\/International\/grand-angle-un-plan-mort-ne\/"},"modified":"2019-03-09T19:00:00","modified_gmt":"2019-03-10T00:00:00","slug":"grand-angle-un-plan-mort-ne","status":"publish","type":"post","link":"https:\/\/linitiative.ca\/International\/grand-angle-un-plan-mort-ne\/","title":{"rendered":"Grand angle  : Un plan mort-n\u00e9"},"content":{"rendered":"<p>Apr\u00e8s la conf\u00e9rence de Varsovie sur le Proche \u2013Orient o\u00f9 le plan de paix am\u00e9ricain avait \u00e9t\u00e9 expos\u00e9 \u00e0 huis clos par Jared Kushner, voil\u00e0 qu\u2019un autre conseiller de Donald Trump et co-auteur de la proposition a pr\u00e9sent\u00e9 aux membres du Conseil de s\u00e9curit\u00e9 le fruit de leur co-travail, auquel a \u00e9galement particip\u00e9 l\u2019ambassadeur am\u00e9ricain en Isra\u00ebl. Mais au sortir de cette r\u00e9union, des diplomates ont affirm\u00e9 ne pas avoir appris grand-chose. \u00ab Il ne nous a rien appris \u00ab ont-ils indiqu\u00e9. Juste la confirmation que le plan de paix ne serait rendu public qu&rsquo;apr\u00e8s les \u00e9lections parlementaires isra\u00e9liennes du 9 avril et la formation d&rsquo;un nouveau gouvernement. Une information connue puisque r\u00e9v\u00e9l\u00e9e par Jared Kushner aux participants de la conf\u00e9rence de Varsovie. C\u2019est dire surtout que la vision am\u00e9ricaine ne sera pas connue avant l\u2019\u00e9t\u00e9 prochain. Toutefois se voulant rassurant, Jason Greenblatt dira aux membres du Conseil de s\u00e9curit\u00e9 que les am\u00e9ricains ont travaill\u00e9 sur la base des \u00abaspirations des Palestiniens, (et) des Isra\u00e9liens \u00ab ce qui suppose que le plan satisfera les deux parties. Mais si l\u2019on se fie aux propos des diplomates, force est de croire que le plan am\u00e9ricain ne r\u00e9pondra qu\u2019aux seules aspirations des isra\u00e9liens. Pour preuve Jason Greenblatt \u00e9vitera de s\u2019attarder d\u00e8s lors que la solution \u00e0 \u00ab deux Etats \u00ab d\u00e9fendue par la communaut\u00e9 internationale a \u00e9t\u00e9 \u00e9voqu\u00e9e. Il sera \u00e9galement peu prolixe sur l&rsquo;articulation du futur plan am\u00e9ricain avec l&rsquo;initiative arabe de paix de 2002, qui pr\u00e9voyait une normalisation des relations des pays arabes avec Isra\u00ebl en \u00e9change de son acceptation d&rsquo;une paix sur les param\u00e8tres internationalement agr\u00e9\u00e9s (capitale, fronti\u00e8res, r\u00e9fugi\u00e9s). Une attitude qui est loin de surprendre. Tout comme les regrets, feints, de constater que les Palestiniens refusent de rencontrer les am\u00e9ricains. Cette position des plus l\u00e9gitimes au regard du parti pris affich\u00e9 par l\u2019administration am\u00e9ricaine et pour lequel aucun doute n\u2019est permis apr\u00e8s les d\u00e9cisions de consid\u00e9rer El Qods capitale d&rsquo;Isra\u00ebl et de r\u00e9duire voire de supprimer des financements am\u00e9ricains en faveur des palestiniens. Une r\u00e9alit\u00e9 qui fait dire d\u2019ores et d\u00e9j\u00e0 que le plan am\u00e9ricain est un mort-n\u00e9.<br \/>Nadia K.<\/p>\n<p>Auteur: elmoudjahid<br \/>\n<a href=\"http:\/\/feedproxy.google.com\/~r\/ElmoudjahidArticles\/~3\/o4NKb-f8xy4\/134596\">Cliquez ici pour lire l&rsquo;article depuis sa source.<\/a><\/p>\n","protected":false},"excerpt":{"rendered":"<p>Apr\u00e8s la conf\u00e9rence de Varsovie sur le Proche \u2013Orient o\u00f9 le plan de paix am\u00e9ricain avait \u00e9t\u00e9 expos\u00e9 \u00e0 huis clos par Jared Kushner, voil\u00e0 qu\u2019un autre conseiller de Donald Trump et co-auteur de la proposition a pr\u00e9sent\u00e9 aux membres du Conseil de s\u00e9curit\u00e9 le fruit de leur co-travail, auquel a \u00e9galement particip\u00e9 l\u2019ambassadeur am\u00e9ricain [&hellip;]<\/p>\n","protected":false},"author":1744,"featured_media":0,"comment_status":"closed","ping_status":"closed","sticky":false,"template":"","format":"standard","meta":{"fifu_image_url":"","fifu_image_alt":"","footnotes":""},"categories":[73,53],"tags":[],"class_list":["post-20762","post","type-post","status-publish","format-standard","hentry","category-actualite","category-algerie"],"_links":{"self":[{"href":"https:\/\/linitiative.ca\/International\/wp-json\/wp\/v2\/posts\/20762","targetHints":{"allow":["GET"]}}],"collection":[{"href":"https:\/\/linitiative.ca\/International\/wp-json\/wp\/v2\/posts"}],"about":[{"href":"https:\/\/linitiative.ca\/International\/wp-json\/wp\/v2\/types\/post"}],"author":[{"embeddable":true,"href":"https:\/\/linitiative.ca\/International\/wp-json\/wp\/v2\/users\/1744"}],"replies":[{"embeddable":true,"href":"https:\/\/linitiative.ca\/International\/wp-json\/wp\/v2\/comments?post=20762"}],"version-history":[{"count":0,"href":"https:\/\/linitiative.ca\/International\/wp-json\/wp\/v2\/posts\/20762\/revisions"}],"wp:attachment":[{"href":"https:\/\/linitiative.ca\/International\/wp-json\/wp\/v2\/media?parent=20762"}],"wp:term":[{"taxonomy":"category","embeddable":true,"href":"https:\/\/linitiative.ca\/International\/wp-json\/wp\/v2\/categories?post=20762"},{"taxonomy":"post_tag","embeddable":true,"href":"https:\/\/linitiative.ca\/International\/wp-json\/wp\/v2\/tags?post=20762"}],"curies":[{"name":"wp","href":"https:\/\/api.w.org\/{rel}","templated":true}]}}