{"id":20825,"date":"2019-03-10T16:47:32","date_gmt":"2019-03-10T20:47:32","guid":{"rendered":"https:\/\/linitiative.ca\/International\/tunisie-un-tunisien-parmi-les-victimes-du-crash-de-lavion-de-lethiopian-airlines\/"},"modified":"2019-03-10T16:47:32","modified_gmt":"2019-03-10T20:47:32","slug":"tunisie-un-tunisien-parmi-les-victimes-du-crash-de-lavion-de-lethiopian-airlines","status":"publish","type":"post","link":"https:\/\/linitiative.ca\/International\/tunisie-un-tunisien-parmi-les-victimes-du-crash-de-lavion-de-lethiopian-airlines\/","title":{"rendered":"Tunisie \u2013 Un tunisien parmi les victimes du crash de l\u2019avion de l\u2019Ethiopian Airlines"},"content":{"rendered":"<div class=\"post-cont-in left relative\">\n<div class=\"nc_socialPanel swp_flatFresh swp_d_fullColor swp_i_fullColor swp_o_fullColor scale-100 scale-fullWidth\" data-position=\"none\" data-float=\"floatNone\" data-count=\"5\" data-floatcolor=\"#ffffff\" data-emphasize=\"0\">\n<div class=\"nc_tweetContainer totes totesalt\" data-id=\"6\"><span class=\"swp_count\"><span class=\"swp_label\">Partages<\/span> 65<\/span><\/div>\n<\/div>\n<p>Parmi les 157 victimes ayant p\u00e9ri dans le crash de l\u2019avion de l\u2019Ethiopian Airlines, survenu ce dimanche, figure un ressortissant tunisien portant un passeport fran\u00e7ais. Il s\u2019agit de Karim Saafi, un jeune tunisien, militant de la soci\u00e9t\u00e9 civile en Europe et en\u00a0Afrique.\u00a0Saafi \u00e9tait un dirigeant de la diaspora africaine en Europe, et a \u00e9t\u00e9 fondateur et co-Pr\u00e9sident du Forum de la Jeunesse de la Diaspora Africaine en Europe.<\/p>\n<p>Saafi se rendait, justement \u00e0 Nairobi, \u00e0 bord de cet avion pour participer aux r\u00e9unions de l\u2019ECOSOCC (L\u2019Organe de la Soci\u00e9t\u00e9 Civile et de la Diaspora).<\/p>\n<div class=\"code-block code-block-1 c3\"><ins class=\"adsbygoogle c2\" data-ad-layout=\"in-article\" data-ad-format=\"fluid\" data-ad-client=\"ca-pub-2102118777505746\" data-ad-slot=\"7301775417\"\/> <\/div>\n<p>L\u2019ambassade de Tunisie \u00e0 Addis-Abeba est intervenue aupr\u00e8s des autorit\u00e9s \u00e9thiopiennes pour suivre de pr\u00e8s les suites de ce crash.<br \/><img loading=\"lazy\" decoding=\"async\" class=\"aligncenter size-full wp-image-420936\" src=\"https:\/\/www.tunisienumerique.com\/wp-content\/uploads\/2019\/03\/karim-1.jpg\" alt=\"\" width=\"791\" height=\"783\" srcset=\"https:\/\/www.tunisienumerique.com\/wp-content\/uploads\/2019\/03\/karim-1.jpg 791w, https:\/\/www.tunisienumerique.com\/wp-content\/uploads\/2019\/03\/karim-1-768x760.jpg 768w, https:\/\/www.tunisienumerique.com\/wp-content\/uploads\/2019\/03\/karim-1-600x594.jpg 600w, https:\/\/www.tunisienumerique.com\/wp-content\/uploads\/2019\/03\/karim-1-80x80.jpg 80w\" sizes=\"auto, (max-width: 791px) 100vw, 791px\"\/><\/p>\n<div class=\"mvp-org-wrap mvp-org-logo\" itemprop=\"publisher\" itemscope=\"\" itemtype=\"https:\/\/schema.org\/Organization\"><img decoding=\"async\" src=\"https:\/\/www.tunisienumerique.com\/wp-content\/uploads\/2017\/02\/logo_tunisie_numerique.png\"\/><\/div>\n<div class=\"nc_socialPanel swp_flatFresh swp_d_fullColor swp_i_fullColor swp_o_fullColor scale-100 scale-fullWidth\" data-position=\"none\" data-float=\"floatNone\" data-count=\"5\" data-floatcolor=\"#ffffff\" data-emphasize=\"0\">\n<div class=\"nc_tweetContainer totes totesalt\" data-id=\"6\"><span class=\"swp_count\"><span class=\"swp_label\">Partages<\/span> 65<\/span><\/div>\n<\/div>\n<div class=\"mvp-related-posts left relative\">\n<h4 class=\"post-header\"><span class=\"post-header\">Lire aussi<\/span><\/h4>\n<\/div>\n<\/div>\n<p>Auteur: LM<br \/>\n<a href=\"https:\/\/www.tunisienumerique.com\/tunisie-un-tunisien-parmi-les-victimes-du-crash-de-lavion-de-lethiopian-airlines\/\">Cliquez ici pour lire l&rsquo;article depuis sa source.<\/a><\/p>\n","protected":false},"excerpt":{"rendered":"<p>Partages 65 Parmi les 157 victimes ayant p\u00e9ri dans le crash de l\u2019avion de l\u2019Ethiopian Airlines, survenu ce dimanche, figure un ressortissant tunisien portant un passeport fran\u00e7ais. Il s\u2019agit de Karim Saafi, un jeune tunisien, militant de la soci\u00e9t\u00e9 civile en Europe et en\u00a0Afrique.\u00a0Saafi \u00e9tait un dirigeant de la diaspora africaine en Europe, et a [&hellip;]<\/p>\n","protected":false},"author":1789,"featured_media":20826,"comment_status":"closed","ping_status":"closed","sticky":false,"template":"","format":"standard","meta":{"fifu_image_url":"","fifu_image_alt":"","footnotes":""},"categories":[73,55],"tags":[],"class_list":["post-20825","post","type-post","status-publish","format-standard","has-post-thumbnail","hentry","category-actualite","category-tunisie"],"_links":{"self":[{"href":"https:\/\/linitiative.ca\/International\/wp-json\/wp\/v2\/posts\/20825","targetHints":{"allow":["GET"]}}],"collection":[{"href":"https:\/\/linitiative.ca\/International\/wp-json\/wp\/v2\/posts"}],"about":[{"href":"https:\/\/linitiative.ca\/International\/wp-json\/wp\/v2\/types\/post"}],"author":[{"embeddable":true,"href":"https:\/\/linitiative.ca\/International\/wp-json\/wp\/v2\/users\/1789"}],"replies":[{"embeddable":true,"href":"https:\/\/linitiative.ca\/International\/wp-json\/wp\/v2\/comments?post=20825"}],"version-history":[{"count":0,"href":"https:\/\/linitiative.ca\/International\/wp-json\/wp\/v2\/posts\/20825\/revisions"}],"wp:featuredmedia":[{"embeddable":true,"href":"https:\/\/linitiative.ca\/International\/wp-json\/"}],"wp:attachment":[{"href":"https:\/\/linitiative.ca\/International\/wp-json\/wp\/v2\/media?parent=20825"}],"wp:term":[{"taxonomy":"category","embeddable":true,"href":"https:\/\/linitiative.ca\/International\/wp-json\/wp\/v2\/categories?post=20825"},{"taxonomy":"post_tag","embeddable":true,"href":"https:\/\/linitiative.ca\/International\/wp-json\/wp\/v2\/tags?post=20825"}],"curies":[{"name":"wp","href":"https:\/\/api.w.org\/{rel}","templated":true}]}}