{"id":20827,"date":"2019-03-10T17:22:16","date_gmt":"2019-03-10T21:22:16","guid":{"rendered":"https:\/\/linitiative.ca\/International\/tunisie-watfa-belaid-il-est-temps-de-sattaquer-aux-marches-suspects-de-medicaments-et-de-dispositifs-medicaux\/"},"modified":"2019-03-10T17:22:16","modified_gmt":"2019-03-10T21:22:16","slug":"tunisie-watfa-belaid-il-est-temps-de-sattaquer-aux-marches-suspects-de-medicaments-et-de-dispositifs-medicaux","status":"publish","type":"post","link":"https:\/\/linitiative.ca\/International\/tunisie-watfa-belaid-il-est-temps-de-sattaquer-aux-marches-suspects-de-medicaments-et-de-dispositifs-medicaux\/","title":{"rendered":"Tunisie \u2013 Watfa Bela\u00efd\u00a0: Il est temps de s\u2019attaquer aux march\u00e9s suspects de m\u00e9dicaments et de dispositifs m\u00e9dicaux\u00a0"},"content":{"rendered":"<div class=\"post-cont-in left relative\">\n<div class=\"nc_socialPanel swp_flatFresh swp_d_fullColor swp_i_fullColor swp_o_fullColor scale-100 scale-fullWidth\" data-position=\"none\" data-float=\"floatNone\" data-count=\"5\" data-floatcolor=\"#ffffff\" data-emphasize=\"0\">\n<div class=\"nc_tweetContainer totes totesalt\" data-id=\"6\"><span class=\"swp_count\"><span class=\"swp_label\">Partages<\/span> 0<\/span><\/div>\n<\/div>\n<p>La responsable au sein du parti Al Machrou3, Watfa Bela\u00efd a assur\u00e9, ce dimanche que le ministre de la sant\u00e9 d\u00e9missionnaire, Aberraouf Cherif, ne doit pas endosser \u00e0 lui tout seul, la responsabilit\u00e9 de ce qui s\u2019est pass\u00e9 \u00e0 la maternit\u00e9 de La Rabta.<\/p>\n<p>Elle a ajout\u00e9 qu\u2019il est temps de s\u2019attaquer et de s\u2019opposer aux lobbies d\u2019importation et de distribution des m\u00e9dicaments et des dispositifs m\u00e9dicaux acquis de fa\u00e7on suspecte.<\/p>\n<div class=\"code-block code-block-1 c3\"><ins class=\"adsbygoogle c2\" data-ad-layout=\"in-article\" data-ad-format=\"fluid\" data-ad-client=\"ca-pub-2102118777505746\" data-ad-slot=\"7301775417\"\/> <\/div>\n<p>Bela\u00efd a ajout\u00e9 que ceci devrait constituer une priorit\u00e9 nationale \u00e0 assumer par toute la nation.<\/p>\n<div class=\"mvp-org-wrap mvp-org-logo\" itemprop=\"publisher\" itemscope=\"\" itemtype=\"https:\/\/schema.org\/Organization\"><img decoding=\"async\" src=\"https:\/\/www.tunisienumerique.com\/wp-content\/uploads\/2017\/02\/logo_tunisie_numerique.png\"\/><\/div>\n<div class=\"nc_socialPanel swp_flatFresh swp_d_fullColor swp_i_fullColor swp_o_fullColor scale-100 scale-fullWidth\" data-position=\"none\" data-float=\"floatNone\" data-count=\"5\" data-floatcolor=\"#ffffff\" data-emphasize=\"0\">\n<div class=\"nc_tweetContainer totes totesalt\" data-id=\"6\"><span class=\"swp_count\"><span class=\"swp_label\">Partages<\/span> 0<\/span><\/div>\n<\/div>\n<\/div>\n<p>Auteur: LM<br \/>\n<a href=\"https:\/\/www.tunisienumerique.com\/tunisie-watfa-belaid-il-est-temps-de-sattaquer-aux-marches-suspects-de-medicaments-et-de-dispositifs-medicaux\/\">Cliquez ici pour lire l&rsquo;article depuis sa source.<\/a><\/p>\n","protected":false},"excerpt":{"rendered":"<p>Partages 0 La responsable au sein du parti Al Machrou3, Watfa Bela\u00efd a assur\u00e9, ce dimanche que le ministre de la sant\u00e9 d\u00e9missionnaire, Aberraouf Cherif, ne doit pas endosser \u00e0 lui tout seul, la responsabilit\u00e9 de ce qui s\u2019est pass\u00e9 \u00e0 la maternit\u00e9 de La Rabta. Elle a ajout\u00e9 qu\u2019il est temps de s\u2019attaquer et [&hellip;]<\/p>\n","protected":false},"author":1789,"featured_media":20828,"comment_status":"closed","ping_status":"closed","sticky":false,"template":"","format":"standard","meta":{"fifu_image_url":"","fifu_image_alt":"","footnotes":""},"categories":[73,55],"tags":[],"class_list":["post-20827","post","type-post","status-publish","format-standard","has-post-thumbnail","hentry","category-actualite","category-tunisie"],"_links":{"self":[{"href":"https:\/\/linitiative.ca\/International\/wp-json\/wp\/v2\/posts\/20827","targetHints":{"allow":["GET"]}}],"collection":[{"href":"https:\/\/linitiative.ca\/International\/wp-json\/wp\/v2\/posts"}],"about":[{"href":"https:\/\/linitiative.ca\/International\/wp-json\/wp\/v2\/types\/post"}],"author":[{"embeddable":true,"href":"https:\/\/linitiative.ca\/International\/wp-json\/wp\/v2\/users\/1789"}],"replies":[{"embeddable":true,"href":"https:\/\/linitiative.ca\/International\/wp-json\/wp\/v2\/comments?post=20827"}],"version-history":[{"count":0,"href":"https:\/\/linitiative.ca\/International\/wp-json\/wp\/v2\/posts\/20827\/revisions"}],"wp:featuredmedia":[{"embeddable":true,"href":"https:\/\/linitiative.ca\/International\/wp-json\/"}],"wp:attachment":[{"href":"https:\/\/linitiative.ca\/International\/wp-json\/wp\/v2\/media?parent=20827"}],"wp:term":[{"taxonomy":"category","embeddable":true,"href":"https:\/\/linitiative.ca\/International\/wp-json\/wp\/v2\/categories?post=20827"},{"taxonomy":"post_tag","embeddable":true,"href":"https:\/\/linitiative.ca\/International\/wp-json\/wp\/v2\/tags?post=20827"}],"curies":[{"name":"wp","href":"https:\/\/api.w.org\/{rel}","templated":true}]}}