{"id":20834,"date":"2019-03-10T16:47:10","date_gmt":"2019-03-10T20:47:10","guid":{"rendered":"https:\/\/linitiative.ca\/International\/projets-et-programmes-du-minefid-des-executions-physique-et-financiere-de-7611-et-2026-en-2018\/"},"modified":"2019-03-10T16:47:10","modified_gmt":"2019-03-10T20:47:10","slug":"projets-et-programmes-du-minefid-des-executions-physique-et-financiere-de-7611-et-2026-en-2018","status":"publish","type":"post","link":"https:\/\/linitiative.ca\/International\/projets-et-programmes-du-minefid-des-executions-physique-et-financiere-de-7611-et-2026-en-2018\/","title":{"rendered":"Projets et programmes du MINEFID:  Des ex\u00e9cutions physique  et financi\u00e8re de 76,11  et 20,26% en 2018"},"content":{"rendered":"<div class=\"td-a-rec td-a-rec-id-content_top td_uid_30_5c8585384ccf9_rand td_block_template_1\"><img loading=\"lazy\" decoding=\"async\" class=\"aligncenter size-full wp-image-4463\" src=\"https:\/\/www.sidwaya.info\/wp-content\/uploads\/2019\/02\/FESPACO-TOUR-2019-Bannie%CC%80re-728x90-1.jpg\" alt=\"\" width=\"728\" height=\"90\"\/><\/div>\n<p><strong>Le minist\u00e8re de l\u2019Economie, des Finances et du D\u00e9veloppement (MINEFID) a organis\u00e9, le jeudi 7 mars 2019 \u00e0 Ouagadougou, la premi\u00e8re revue sectorielle de l\u2019ann\u00e9e, des projets et programmes sous sa tutelle technique.<\/strong><\/p>\n<p>Le portefeuille des projets et programmes, plac\u00e9 sous la tutelle technique du Minist\u00e8re de l\u2019Economie, des Finances et du D\u00e9veloppement (MINEFID), est constitu\u00e9 de 18 projets et programmes dont 1 en formulation, 9 en d\u00e9marrage, 5 en ex\u00e9cution et 3 en phase de cl\u00f4ture. Au titre de l\u2019ann\u00e9e 2018, les taux de leurs ex\u00e9cutions physique et financi\u00e8re sont respectivement de 76,11 et 20,26%.<\/p>\n<p>C\u2019est ce qui ressort de la premi\u00e8re revue sectorielle 2019, organis\u00e9e le jeudi 7 mars 2019 sous le th\u00e8me : \u00ab R\u00f4le et efficacit\u00e9 des appuis-projets dans la mise en \u0153uvre des politiques de d\u00e9veloppement au Burkina Faso \u00bb. A entendre la Directrice g\u00e9n\u00e9rale des \u00e9tudes et des statistiques sectorielles (DGESS) du MINEFID, A\u00efssata San\u00e9, les r\u00e9alisations au cours de l\u2019ann\u00e9e 2018 concernent notamment la construction d\u2019infrastructures socio\u00e9conomiques, sanitaires, \u00e9ducatives, de forages avec des syst\u00e8mes de pompages solaires et des activit\u00e9s de renforcement de capacit\u00e9s techniques de l\u2019administration.<\/p>\n<p><img loading=\"lazy\" decoding=\"async\" class=\"size-medium wp-image-5312\" src=\"https:\/\/i2.wp.com\/www.sidwaya.info\/wp-content\/uploads\/2019\/03\/minefid2.jpg?resize=263%2C300&#038;ssl=1\" alt=\"\" width=\"263\" height=\"300\" srcset=\"https:\/\/i2.wp.com\/www.sidwaya.info\/wp-content\/uploads\/2019\/03\/minefid2.jpg?resize=263%2C300&#038;ssl=1 263w, https:\/\/i2.wp.com\/www.sidwaya.info\/wp-content\/uploads\/2019\/03\/minefid2.jpg?resize=696%2C794&#038;ssl=1 696w, https:\/\/i2.wp.com\/www.sidwaya.info\/wp-content\/uploads\/2019\/03\/minefid2.jpg?resize=368%2C420&#038;ssl=1 368w, https:\/\/i2.wp.com\/www.sidwaya.info\/wp-content\/uploads\/2019\/03\/minefid2.jpg?w=700&#038;ssl=1 700w\" sizes=\"auto, (max-width: 263px) 100vw, 263px\" data-recalc-dims=\"1\"\/>La DGESS du MINEFID, A\u00efssata San\u00e9 : \u00abLa situation s\u00e9curitaire a limit\u00e9<br \/>la r\u00e9alisation des infrastructures\u00bb.<\/p>\n<p>A l\u2019ouverture des travaux, le Secr\u00e9taire g\u00e9n\u00e9ral (SG) du minist\u00e8re, Dr Abel Som\u00e9, a relev\u00e9 une r\u00e9gression continue du niveau d\u2019ex\u00e9cution aussi bien physique que financi\u00e8re des projets et programmes depuis 2016. \u00ab Certes, nous pouvons toujours relativiser cette r\u00e9gression en trouvant des justifications sp\u00e9cifiques comme la situation s\u00e9curitaire nationale et les remous sociaux, mais cette situation nous interpelle \u00e0 faire un diagnostic sans complaisance de l\u2019ex\u00e9cution de nos projets et programmes ainsi qu\u2019\u00e0 plus de r\u00e9alisme dans la programmation des activit\u00e9s \u00bb, a-t-il dit.<\/p>\n<p>En d\u00e9pit des \u00ab \u00e9normes efforts \u00bb faits par les diff\u00e9rents acteurs, le Dr Som\u00e9 a rappel\u00e9 aux acteurs que la concertation avec l\u2019ensemble des parties prenantes, la transparence et la reddition des comptes doivent \u00eatre de rigueur.<\/p>\n<p class=\"c1\"><strong>Jean-Marie TOE<\/strong><\/p>\n<div class=\"td-a-rec td-a-rec-id-content_bottom td_uid_31_5c8585384ce31_rand td_block_template_1\"><img loading=\"lazy\" decoding=\"async\" class=\"alignright size-full wp-image-1724\" src=\"https:\/\/www.sidwaya.info\/wp-content\/uploads\/2018\/12\/sidwaya-pub.jpg\" alt=\"\" width=\"720\" height=\"90\"\/><\/div>\n<p>Auteur: JK. Sidwaya<br \/>\n<a href=\"https:\/\/www.sidwaya.info\/blog\/2019\/03\/10\/projets-et-programmes-du-minefid-des-executions-physique-et-financiere-de-7611-et-2026-en-2018\/\">Cliquez ici pour lire l&rsquo;article depuis sa source.<\/a><\/p>\n","protected":false},"excerpt":{"rendered":"<p>Le minist\u00e8re de l\u2019Economie, des Finances et du D\u00e9veloppement (MINEFID) a organis\u00e9, le jeudi 7 mars 2019 \u00e0 Ouagadougou, la premi\u00e8re revue sectorielle de l\u2019ann\u00e9e, des projets et programmes sous sa tutelle technique. Le portefeuille des projets et programmes, plac\u00e9 sous la tutelle technique du Minist\u00e8re de l\u2019Economie, des Finances et du D\u00e9veloppement (MINEFID), est [&hellip;]<\/p>\n","protected":false},"author":1816,"featured_media":20835,"comment_status":"closed","ping_status":"closed","sticky":false,"template":"","format":"standard","meta":{"fifu_image_url":"","fifu_image_alt":"","footnotes":""},"categories":[73,81],"tags":[],"class_list":["post-20834","post","type-post","status-publish","format-standard","has-post-thumbnail","hentry","category-actualite","category-burkina-faso"],"_links":{"self":[{"href":"https:\/\/linitiative.ca\/International\/wp-json\/wp\/v2\/posts\/20834","targetHints":{"allow":["GET"]}}],"collection":[{"href":"https:\/\/linitiative.ca\/International\/wp-json\/wp\/v2\/posts"}],"about":[{"href":"https:\/\/linitiative.ca\/International\/wp-json\/wp\/v2\/types\/post"}],"author":[{"embeddable":true,"href":"https:\/\/linitiative.ca\/International\/wp-json\/wp\/v2\/users\/1816"}],"replies":[{"embeddable":true,"href":"https:\/\/linitiative.ca\/International\/wp-json\/wp\/v2\/comments?post=20834"}],"version-history":[{"count":0,"href":"https:\/\/linitiative.ca\/International\/wp-json\/wp\/v2\/posts\/20834\/revisions"}],"wp:featuredmedia":[{"embeddable":true,"href":"https:\/\/linitiative.ca\/International\/wp-json\/"}],"wp:attachment":[{"href":"https:\/\/linitiative.ca\/International\/wp-json\/wp\/v2\/media?parent=20834"}],"wp:term":[{"taxonomy":"category","embeddable":true,"href":"https:\/\/linitiative.ca\/International\/wp-json\/wp\/v2\/categories?post=20834"},{"taxonomy":"post_tag","embeddable":true,"href":"https:\/\/linitiative.ca\/International\/wp-json\/wp\/v2\/tags?post=20834"}],"curies":[{"name":"wp","href":"https:\/\/api.w.org\/{rel}","templated":true}]}}