{"id":20836,"date":"2019-03-10T16:54:01","date_gmt":"2019-03-10T20:54:01","guid":{"rendered":"https:\/\/linitiative.ca\/International\/8-mars-2019-lamicale-des-femmes-de-lonatel-honoree\/"},"modified":"2019-03-10T16:54:01","modified_gmt":"2019-03-10T20:54:01","slug":"8-mars-2019-lamicale-des-femmes-de-lonatel-honoree","status":"publish","type":"post","link":"https:\/\/linitiative.ca\/International\/8-mars-2019-lamicale-des-femmes-de-lonatel-honoree\/","title":{"rendered":"8-Mars 2019 : L\u2019Amicale des femmes de l\u2019ONATEL honor\u00e9e"},"content":{"rendered":"<div class=\"td-post-featured-image\" readability=\"34\"><a href=\"https:\/\/i1.wp.com\/www.sidwaya.info\/wp-content\/uploads\/2019\/03\/onatel.jpg?fit=700%2C441&#038;ssl=1\" data-caption=\"La pr\u00e9sidente de l\u2019Amicale des femmes de l\u2019ONATEL, Awa Ou\u00e9draogo (1\u00e8re gauche): \u00ab C\u2019est une reconnaissance de la nation enti\u00e8re \u00e0 notre amicale pour les efforts de l\u2019ONATEL-SA\u00bb.\"><img loading=\"lazy\" decoding=\"async\" width=\"696\" height=\"438\" class=\"entry-thumb td-modal-image\" src=\"https:\/\/i1.wp.com\/www.sidwaya.info\/wp-content\/uploads\/2019\/03\/onatel.jpg?resize=696%2C438&#038;ssl=1\" srcset=\"https:\/\/i1.wp.com\/www.sidwaya.info\/wp-content\/uploads\/2019\/03\/onatel.jpg?w=700&#038;ssl=1 700w, https:\/\/i1.wp.com\/www.sidwaya.info\/wp-content\/uploads\/2019\/03\/onatel.jpg?resize=300%2C189&#038;ssl=1 300w, https:\/\/i1.wp.com\/www.sidwaya.info\/wp-content\/uploads\/2019\/03\/onatel.jpg?resize=696%2C438&#038;ssl=1 696w, https:\/\/i1.wp.com\/www.sidwaya.info\/wp-content\/uploads\/2019\/03\/onatel.jpg?resize=667%2C420&#038;ssl=1 667w\" sizes=\"auto, (max-width: 696px) 100vw, 696px\" alt=\"\" title=\"onatel\"\/><\/a>La pr\u00e9sidente de l\u2019Amicale des femmes de l\u2019ONATEL, Awa Ou\u00e9draogo (1\u00e8re gauche): \u00ab C\u2019est une reconnaissance de la nation enti\u00e8re \u00e0 notre amicale pour les efforts de l\u2019ONATEL-SA\u00bb.<\/div>\n<div class=\"td-a-rec td-a-rec-id-content_top td_uid_30_5c85853f598a7_rand td_block_template_1\"><img loading=\"lazy\" decoding=\"async\" class=\"aligncenter size-full wp-image-4463\" src=\"https:\/\/www.sidwaya.info\/wp-content\/uploads\/2019\/02\/FESPACO-TOUR-2019-Bannie%CC%80re-728x90-1.jpg\" alt=\"\" width=\"728\" height=\"90\"\/><\/div>\n<p><strong>A la faveur de la 162e Journ\u00e9e internationale de la femme, l\u2019Amicale des femmes de l\u2019Office national des t\u00e9l\u00e9communications (AF-ONATEL) a re\u00e7u une distinction honorifique, le 8 mars 2019 \u00e0 Koup\u00e9la.<\/strong><\/p>\n<p>L\u2019Amicale des femmes de l\u2019Office national des t\u00e9l\u00e9communications (AF-ONATEL) a \u00e9t\u00e9 d\u00e9cor\u00e9e dans l\u2019Ordre du m\u00e9rite avec agrafe action sociale. C\u2019\u00e9tait \u00e0 l\u2019occasion de la Journ\u00e9e internationale de la femme qui a eu lieu, le 8 mars 2019 \u00e0 Koup\u00e8la. Selon la pr\u00e9sidente de l\u2019Amicale, Awa Ou\u00e9draogo, cette distinction honore \u00e0 plus d\u2019un titre. Elle a fait savoir qu\u2019elle d\u00e9die la m\u00e9daille non seulement \u00e0 l\u2019ensemble des femmes de l\u2019Office pour leur engagement et pour une amicale plus forte et plus solidaire, mais aussi \u00e0 l\u2019entreprise des t\u00e9l\u00e9communications qui subventionne leurs activit\u00e9s.<\/p>\n<p>\u00abJe n\u2019oublie pas nos a\u00een\u00e9es \u00e0 la retraite ou celles qui ne sont plus de ce monde qui ont cr\u00e9\u00e9 cette amicale et dont l\u2019effort est couronn\u00e9 ce jour. Nous remercions aussi nos collaborateurs hommes pour leur contribution, de m\u00eame que les autorit\u00e9s et le minist\u00e8re de la Femme\u00bb, a argu\u00e9 Mme Ou\u00e9draogo.<\/p>\n<p>L\u2019AF-ONATEL a \u00e9t\u00e9 cr\u00e9\u00e9e en mars 2000 avec pour objectif principal d\u2019am\u00e9liorer les conditions de vie de ses membres et de la population par des actions de solidarit\u00e9 et d\u2019entraide envers les couches vuln\u00e9rables. De l\u2019avis de la pr\u00e9sidente, elle est apolitique, la\u00efque, non syndicale et regroupe toutes les femmes de l\u2019ONATEL en activit\u00e9 ou \u00e0 la retraite, sans discrimination aucune.<\/p>\n<p>Elle a signifi\u00e9 que l\u2019association est coordonn\u00e9e par un bureau ex\u00e9cutif constitu\u00e9 de 11 membres et d\u2019une section r\u00e9gionale de trois membres. \u00abDepuis sa cr\u00e9ation, l\u2019Amicale a men\u00e9 de multiples actions. Il s\u2019agit des dons \u00e0 diff\u00e9rents orphelinats et h\u00f4pitaux comme le Nid des enfants de Bobo-Dioulasso, le CSPS du secteur n\u00b016 de Ouagadougou, la p\u00e9diatrie Charles-de-Gaulle et celle de Sanou-Souro\u00bb, a pr\u00e9cis\u00e9 dame Ou\u00e9draogo. Et d\u2019ajouter que des soutiens aux familles des coll\u00e8gues d\u00e9funts, des d\u00e9pistages du cancer du col de l\u2019ut\u00e9rus et du sein et des conf\u00e9rences-d\u00e9bats sur la sant\u00e9 de la m\u00e8re et de l\u2019enfant sont \u00e0 l\u2019actif de l\u2019amicale.<\/p>\n<h3>Porte-voix des femmes battantes<\/h3>\n<p>A l\u2019\u00e9couter, l\u2019ONATEL se fait le porte-voix de toutes les femmes battantes du Faso. En t\u00e9moigne le concours \u00abBaramousso\u00bb institu\u00e9 par le leader des t\u00e9l\u00e9communications depuis 2015 \u00e0 l\u2019endroit des associations f\u00e9minines qui \u0153uvrent au quotidien en faveur du d\u00e9veloppement durable, par le renforcement de leurs capacit\u00e9s financi\u00e8res et mat\u00e9rielles.<\/p>\n<p><img loading=\"lazy\" decoding=\"async\" class=\"size-medium wp-image-5316\" src=\"https:\/\/i0.wp.com\/www.sidwaya.info\/wp-content\/uploads\/2019\/03\/onatel2.jpg?resize=300%2C225&#038;ssl=1\" alt=\"\" width=\"300\" height=\"225\" srcset=\"https:\/\/i0.wp.com\/www.sidwaya.info\/wp-content\/uploads\/2019\/03\/onatel2.jpg?resize=300%2C225&#038;ssl=1 300w, https:\/\/i0.wp.com\/www.sidwaya.info\/wp-content\/uploads\/2019\/03\/onatel2.jpg?resize=80%2C60&#038;ssl=1 80w, https:\/\/i0.wp.com\/www.sidwaya.info\/wp-content\/uploads\/2019\/03\/onatel2.jpg?resize=265%2C198&#038;ssl=1 265w, https:\/\/i0.wp.com\/www.sidwaya.info\/wp-content\/uploads\/2019\/03\/onatel2.jpg?resize=696%2C522&#038;ssl=1 696w, https:\/\/i0.wp.com\/www.sidwaya.info\/wp-content\/uploads\/2019\/03\/onatel2.jpg?resize=560%2C420&#038;ssl=1 560w, https:\/\/i0.wp.com\/www.sidwaya.info\/wp-content\/uploads\/2019\/03\/onatel2.jpg?w=700&#038;ssl=1 700w\" sizes=\"auto, (max-width: 300px) 100vw, 300px\" data-recalc-dims=\"1\"\/>Le directeur d\u2019agence de l\u2019ONATEL\/Koup\u00e9la, Ibrahim Traor\u00e9 : \u00abNous offrons le prix Baramousso aux femmes qui se distinguent de par leur d\u00e9vouement pour l\u2019\u00e9panouissement de la femme \u00bb.<\/p>\n<p>En effet, en 2017, l\u2019association pour les femmes du Kourittenga qui se distingue dans la transformation des produits locaux comme le beurre de karit\u00e9, le savon, le \u00absoumbala\u00bb, a remport\u00e9 ce prix compos\u00e9 de cinq millions F CFA, d\u2019un troph\u00e9e et d\u2019une attestation. Pour la pr\u00e9sidente de ladite association, pr\u00e9sente \u00e0 la c\u00e9r\u00e9monie comm\u00e9morative du 8-Mars, Josiane Tougma, l\u2019ONATEL travaille pour l\u2019\u00e9panouissement des femmes. \u00abCe prix nous a \u00e9t\u00e9 d\u2019une grande aide.<\/p>\n<p>En sus, l\u2019entreprise nous conseille et nous accompagne dans nos activit\u00e9s\u00bb, a -t- elle dit. Le directeur d\u2019agence de l\u2019ONATEL\/Koup\u00e9la, Ibrahim Traor\u00e9, a fait remarquer que sa structure accompagne le minist\u00e8re de la Femme avec le prix \u00abBaramousso\u00bb. En plus, a-t-il poursuivi, \u00abnous sommes aux c\u00f4t\u00e9s des femmes lors des foires, des animations vente et des dassandaga afin de commercialiser nos produits\u00bb.<\/p>\n<p>\u00abC\u2019est un partenariat gagnant-gagnant. Nous encourageons toutes les soci\u00e9t\u00e9s \u00e0 embo\u00eeter le pas de l\u2019ONATEL\u00bb, a dit M. Traor\u00e9. Il a rappel\u00e9 que le leader des t\u00e9l\u00e9communications au Burkina Faso est le seul op\u00e9rateur certifi\u00e9 ISO 9001 version 2015. \u00abC\u00f4t\u00e9 en bourse, il m\u00e8ne des actions citoyennes dans plusieurs domaines \u00e0 savoir, l\u2019\u00e9ducation, la promotion de la femme, le sport, la culture, la promotion de l\u2019emploi, la sant\u00e9 et le soutien aux personnes vuln\u00e9rables\u00bb, a signifi\u00e9 le directeur.<\/p>\n<p class=\"c1\"><strong>Mariam SOMDA<\/strong><\/p>\n<div class=\"td-a-rec td-a-rec-id-content_bottom td_uid_31_5c85853f599ec_rand td_block_template_1\"><img loading=\"lazy\" decoding=\"async\" class=\"alignright size-full wp-image-1724\" src=\"https:\/\/www.sidwaya.info\/wp-content\/uploads\/2018\/12\/sidwaya-pub.jpg\" alt=\"\" width=\"720\" height=\"90\"\/><\/div>\n<p>Auteur: JK. Sidwaya<br \/>\n<a href=\"https:\/\/www.sidwaya.info\/blog\/2019\/03\/10\/8-mars-2019-lamicale-des-femmes-de-lonatel-honoree\/\">Cliquez ici pour lire l&rsquo;article depuis sa source.<\/a><\/p>\n","protected":false},"excerpt":{"rendered":"<p>La pr\u00e9sidente de l\u2019Amicale des femmes de l\u2019ONATEL, Awa Ou\u00e9draogo (1\u00e8re gauche): \u00ab C\u2019est une reconnaissance de la nation enti\u00e8re \u00e0 notre amicale pour les efforts de l\u2019ONATEL-SA\u00bb. A la faveur de la 162e Journ\u00e9e internationale de la femme, l\u2019Amicale des femmes de l\u2019Office national des t\u00e9l\u00e9communications (AF-ONATEL) a re\u00e7u une distinction honorifique, le 8 [&hellip;]<\/p>\n","protected":false},"author":1816,"featured_media":0,"comment_status":"closed","ping_status":"closed","sticky":false,"template":"","format":"standard","meta":{"fifu_image_url":"","fifu_image_alt":"","footnotes":""},"categories":[73,81],"tags":[],"class_list":["post-20836","post","type-post","status-publish","format-standard","hentry","category-actualite","category-burkina-faso"],"_links":{"self":[{"href":"https:\/\/linitiative.ca\/International\/wp-json\/wp\/v2\/posts\/20836","targetHints":{"allow":["GET"]}}],"collection":[{"href":"https:\/\/linitiative.ca\/International\/wp-json\/wp\/v2\/posts"}],"about":[{"href":"https:\/\/linitiative.ca\/International\/wp-json\/wp\/v2\/types\/post"}],"author":[{"embeddable":true,"href":"https:\/\/linitiative.ca\/International\/wp-json\/wp\/v2\/users\/1816"}],"replies":[{"embeddable":true,"href":"https:\/\/linitiative.ca\/International\/wp-json\/wp\/v2\/comments?post=20836"}],"version-history":[{"count":0,"href":"https:\/\/linitiative.ca\/International\/wp-json\/wp\/v2\/posts\/20836\/revisions"}],"wp:attachment":[{"href":"https:\/\/linitiative.ca\/International\/wp-json\/wp\/v2\/media?parent=20836"}],"wp:term":[{"taxonomy":"category","embeddable":true,"href":"https:\/\/linitiative.ca\/International\/wp-json\/wp\/v2\/categories?post=20836"},{"taxonomy":"post_tag","embeddable":true,"href":"https:\/\/linitiative.ca\/International\/wp-json\/wp\/v2\/tags?post=20836"}],"curies":[{"name":"wp","href":"https:\/\/api.w.org\/{rel}","templated":true}]}}