{"id":20841,"date":"2019-03-10T17:41:19","date_gmt":"2019-03-10T21:41:19","guid":{"rendered":"https:\/\/linitiative.ca\/International\/unite-africaine-le-continent-est-sur-la-bonne-voie-moustapha-niasse\/"},"modified":"2019-03-10T17:41:19","modified_gmt":"2019-03-10T21:41:19","slug":"unite-africaine-le-continent-est-sur-la-bonne-voie-moustapha-niasse","status":"publish","type":"post","link":"https:\/\/linitiative.ca\/International\/unite-africaine-le-continent-est-sur-la-bonne-voie-moustapha-niasse\/","title":{"rendered":"Unit\u00e9 africaine : \u00abLe continent est sur la bonne voie\u00bb, Moustapha Niasse"},"content":{"rendered":"<div class=\"td-post-featured-image\" readability=\"34\"><a href=\"https:\/\/i1.wp.com\/www.sidwaya.info\/wp-content\/uploads\/2019\/03\/niasse-1.jpg?fit=700%2C467&#038;ssl=1\" data-caption=\"Le PAN du S\u00e9n\u00e9gal, Moustapha Niasse (gauche)\u00a0: \u00abJ\u2019ai toujours \u00e9t\u00e9 heureux dans mes contacts avec les autorit\u00e9s burkinab\u00e8 depuis l\u2019\u00e9poque de la Haute-Volta\u00bb.\"><img loading=\"lazy\" decoding=\"async\" width=\"696\" height=\"464\" class=\"entry-thumb td-modal-image\" src=\"https:\/\/i1.wp.com\/www.sidwaya.info\/wp-content\/uploads\/2019\/03\/niasse-1.jpg?resize=696%2C464&#038;ssl=1\" srcset=\"https:\/\/i1.wp.com\/www.sidwaya.info\/wp-content\/uploads\/2019\/03\/niasse-1.jpg?w=700&#038;ssl=1 700w, https:\/\/i1.wp.com\/www.sidwaya.info\/wp-content\/uploads\/2019\/03\/niasse-1.jpg?resize=300%2C200&#038;ssl=1 300w, https:\/\/i1.wp.com\/www.sidwaya.info\/wp-content\/uploads\/2019\/03\/niasse-1.jpg?resize=696%2C464&#038;ssl=1 696w, https:\/\/i1.wp.com\/www.sidwaya.info\/wp-content\/uploads\/2019\/03\/niasse-1.jpg?resize=630%2C420&#038;ssl=1 630w\" sizes=\"auto, (max-width: 696px) 100vw, 696px\" alt=\"\" title=\"niasse\"\/><\/a>Le PAN du S\u00e9n\u00e9gal, Moustapha Niasse (gauche)\u00a0: \u00abJ\u2019ai toujours \u00e9t\u00e9 heureux dans mes contacts avec les autorit\u00e9s burkinab\u00e8 depuis l\u2019\u00e9poque de la Haute-Volta\u00bb.<\/div>\n<div class=\"td-a-rec td-a-rec-id-content_top td_uid_30_5c858550c6f2e_rand td_block_template_1\"><img loading=\"lazy\" decoding=\"async\" class=\"aligncenter size-full wp-image-4463\" src=\"https:\/\/www.sidwaya.info\/wp-content\/uploads\/2019\/02\/FESPACO-TOUR-2019-Bannie%CC%80re-728x90-1.jpg\" alt=\"\" width=\"728\" height=\"90\"\/><\/div>\n<p><strong>Le Pr\u00e9sident du Faso, Roch Marc Christian Kabor\u00e9, a re\u00e7u en audience le Pr\u00e9sident de l\u2019assembl\u00e9e nationale (PAN) du S\u00e9n\u00e9gal, Moustapha Niasse, le jeudi 7 mars 2019 \u00e0 Ouagadougou.<\/strong><\/p>\n<p>Venu \u00e0 Ouagadougou sur invitation de son homologue du Burkina Faso pour assister \u00e0 l\u2019ouverture de la premi\u00e8re session de l\u2019ann\u00e9e 2019 de l\u2019Assembl\u00e9e nationale, le Pr\u00e9sident de l\u2019Assembl\u00e9e nationale (PAN) du S\u00e9n\u00e9gal, Moustapha Niasse, a \u00e9t\u00e9 re\u00e7u en audience par le chef de l\u2019Etat, Roch Marc Christian Kabor\u00e9, le jeudi 7 mars dernier \u00e0 Ouagadougou.<\/p>\n<p>Apr\u00e8s une trentaine de minutes d\u2019\u00e9changes, le patron du Parlement s\u00e9n\u00e9galais a annonc\u00e9 que la rencontre a constitu\u00e9 pour lui, des retrouvailles fraternelles, un de ses a\u00efeuls \u00e9tant originaire du pays des Hommes int\u00e8gres. Aussi, il a soutenu avoir beaucoup travaill\u00e9 avec le pr\u00e9sident Kabor\u00e9, quand ils \u00e9taient tous deux ministres. Moustapha Niasse a reconnu ses m\u00e9rites ainsi que ceux de tous les Burkinab\u00e8 qu\u2019il a qualifi\u00e9s d\u2019hommes libres, courageux et honn\u00eates. Revenant sur le contenu de l\u2019entrevue avec le chef de l\u2019Etat, M. Niasse a d\u00e9clar\u00e9 que la question du d\u00e9veloppement de la femme en Afrique a \u00e9t\u00e9 abord\u00e9e.<\/p>\n<p>\u00abNous devons aider la femme \u00e0 s\u2019autonomiser, \u00e0 impulser la dynamique de d\u00e9veloppement, car c\u2019est elle qui donne naissance, qui communique \u00e0 tous les premiers rudiments et les bases du comportement social pendant l\u2019existence humaine\u00bb, a-t-il relev\u00e9. Outre ce sujet, les deux hommes ont parl\u00e9 de l\u2019unit\u00e9 du continent africain comme en ont r\u00eav\u00e9 Kwame Nkruma et Patrice Lumumba.<\/p>\n<p>Pour M. Niasse, le continent est sur la bonne voie. \u00abLa Communaut\u00e9 \u00e9conomique des Etats de l\u2019Afrique de l\u2019Ouest (CEDEAO) construit \u00e9tape apr\u00e8s \u00e9tape le grand ensemble de l\u2019Ouest africain. D\u2019autres organisations font le m\u00eame travail pour l\u2019Afrique centrale, australe, de l\u2019Est, et du Nord. Ces cinq amodules vont constituer demain, l\u2019unit\u00e9 compl\u00e8te du continent africain\u00bb, a-t-il assur\u00e9.<\/p>\n<p>Il a salu\u00e9 l\u2019\u0153uvre des p\u00e8res-fondateurs des ind\u00e9pendances, les actions \u00e0 la souverainet\u00e9 internationale et surtout la r\u00e9flexion qui a conduit \u00e0 l\u2019\u00e9laboration de politiques publiques de d\u00e9veloppement int\u00e9gr\u00e9es sur les plans social, \u00e9ducatif, de la diplomatie ext\u00e9rieure et de la gestion des ressources naturelles. Le PAN Moustapha Niasse a quitt\u00e9 Kosyam en esp\u00e9rant que le pr\u00e9sident Kabor\u00e9 prendra part, le 2 avril 2019, \u00e0 l\u2019investiture de Maky Sall r\u00e9\u00e9lu pour pr\u00e9sider aux destin\u00e9es du S\u00e9n\u00e9gal pendant les cinq prochaines ann\u00e9es.<\/p>\n<p><strong>Eliane SOME<\/strong><br \/>elianesome4@gmail.com<\/p>\n<div class=\"td-a-rec td-a-rec-id-content_bottom td_uid_31_5c858550c7063_rand td_block_template_1\"><img loading=\"lazy\" decoding=\"async\" class=\"alignright size-full wp-image-1724\" src=\"https:\/\/www.sidwaya.info\/wp-content\/uploads\/2018\/12\/sidwaya-pub.jpg\" alt=\"\" width=\"720\" height=\"90\"\/><\/div>\n<p>Auteur: JK. Sidwaya<br \/>\n<a href=\"https:\/\/www.sidwaya.info\/blog\/2019\/03\/10\/unite-africaine-le-continent-est-sur-la-bonne-voie-moustapha-niasse\/\">Cliquez ici pour lire l&rsquo;article depuis sa source.<\/a><\/p>\n","protected":false},"excerpt":{"rendered":"<p>Le PAN du S\u00e9n\u00e9gal, Moustapha Niasse (gauche)\u00a0: \u00abJ\u2019ai toujours \u00e9t\u00e9 heureux dans mes contacts avec les autorit\u00e9s burkinab\u00e8 depuis l\u2019\u00e9poque de la Haute-Volta\u00bb. Le Pr\u00e9sident du Faso, Roch Marc Christian Kabor\u00e9, a re\u00e7u en audience le Pr\u00e9sident de l\u2019assembl\u00e9e nationale (PAN) du S\u00e9n\u00e9gal, Moustapha Niasse, le jeudi 7 mars 2019 \u00e0 Ouagadougou. Venu \u00e0 Ouagadougou [&hellip;]<\/p>\n","protected":false},"author":1816,"featured_media":0,"comment_status":"closed","ping_status":"closed","sticky":false,"template":"","format":"standard","meta":{"fifu_image_url":"","fifu_image_alt":"","footnotes":""},"categories":[73,81],"tags":[],"class_list":["post-20841","post","type-post","status-publish","format-standard","hentry","category-actualite","category-burkina-faso"],"_links":{"self":[{"href":"https:\/\/linitiative.ca\/International\/wp-json\/wp\/v2\/posts\/20841","targetHints":{"allow":["GET"]}}],"collection":[{"href":"https:\/\/linitiative.ca\/International\/wp-json\/wp\/v2\/posts"}],"about":[{"href":"https:\/\/linitiative.ca\/International\/wp-json\/wp\/v2\/types\/post"}],"author":[{"embeddable":true,"href":"https:\/\/linitiative.ca\/International\/wp-json\/wp\/v2\/users\/1816"}],"replies":[{"embeddable":true,"href":"https:\/\/linitiative.ca\/International\/wp-json\/wp\/v2\/comments?post=20841"}],"version-history":[{"count":0,"href":"https:\/\/linitiative.ca\/International\/wp-json\/wp\/v2\/posts\/20841\/revisions"}],"wp:attachment":[{"href":"https:\/\/linitiative.ca\/International\/wp-json\/wp\/v2\/media?parent=20841"}],"wp:term":[{"taxonomy":"category","embeddable":true,"href":"https:\/\/linitiative.ca\/International\/wp-json\/wp\/v2\/categories?post=20841"},{"taxonomy":"post_tag","embeddable":true,"href":"https:\/\/linitiative.ca\/International\/wp-json\/wp\/v2\/tags?post=20841"}],"curies":[{"name":"wp","href":"https:\/\/api.w.org\/{rel}","templated":true}]}}