{"id":20847,"date":"2019-03-10T11:50:05","date_gmt":"2019-03-10T15:50:05","guid":{"rendered":"https:\/\/linitiative.ca\/International\/soudan-une-responsable-de-lopposition-emprisonnee-apres-avoir-tente-de-protester\/"},"modified":"2019-03-10T11:50:05","modified_gmt":"2019-03-10T15:50:05","slug":"soudan-une-responsable-de-lopposition-emprisonnee-apres-avoir-tente-de-protester","status":"publish","type":"post","link":"https:\/\/linitiative.ca\/International\/soudan-une-responsable-de-lopposition-emprisonnee-apres-avoir-tente-de-protester\/","title":{"rendered":"Soudan: une responsable de l\u2019opposition emprisonn\u00e9e apr\u00e8s avoir tent\u00e9 de protester"},"content":{"rendered":"<div readability=\"32\">\n<p>Publi\u00e9 le 10.03.2019 \u00e0 16h50 par AFP<\/p>\n<\/div>\n<div readability=\"113\">\n<p>Une responsable de l\u2019opposition soudanaise a \u00e9t\u00e9 condamn\u00e9e dimanche \u00e0 une semaine de prison, quelques heures apr\u00e8s avoir \u00e9t\u00e9 arr\u00eat\u00e9e avec d\u2019autres opposants pour avoir tent\u00e9 d\u2019organiser une marche vers le Parlement contre l\u2019\u00e9tat d\u2019urgence impos\u00e9 dans le pays, selon des militants.<\/p>\n<p>L\u2019\u00e9tat d\u2019urgence a \u00e9t\u00e9 impos\u00e9 le 22 f\u00e9vrier, pour un an et dans tout pays, par le pr\u00e9sident Omar el-B\u00e9chir, pour tenter d\u2019enrayer un mouvement de contestation qui demande sa d\u00e9mission depuis pr\u00e8s de trois mois.<\/p>\n<p>M. B\u00e9chir, qui tient le pays d\u2019une main de fer depuis son arriv\u00e9e au pouvoir par un coup d\u2019Etat en 1989, a notamment ordonn\u00e9 la mise en place de tribunaux d\u2019urgence pour juger toute personne ayant viol\u00e9 l\u2019\u00e9tat d\u2019urgence.<\/p>\n<p>Mariam al-Mahdi, fille du chef du principal parti d\u2019opposition al-Oumma, Sadiq al-Mahdi, a \u00e9t\u00e9 condamn\u00e9e dimanche \u00e0 une semaine de prison par un tribunal d\u2019urgence, a indiqu\u00e9 \u00e0 l\u2019AFP un autre responsable de ce parti Mohamed al-Mahdi.<\/p>\n<p>Mariam al-Mahdi et sa soeur Rabah figuraient parmi les protestataires interpell\u00e9s quelques heures plus t\u00f4t.<\/p>\n<p>Les organisateurs avaient appel\u00e9 \u00e0 une marche dimanche pour d\u00e9fier l\u2019\u00e9tat d\u2019urgence. Le d\u00e9fil\u00e9 devait commencer devant les bureaux du parti al-Oumma, \u00e0 Omdourman, ville voisine de la capitale Khartoum.<\/p>\n<p>\u00ab\u00a0Alors que certains de nos leaders sortaient du bureau pour mener la marche, des agents des renseignements les ont arr\u00eat\u00e9s\u00a0\u00bb, a affirm\u00e9 Mohamed al-Mahdi, qui n\u2019a aucun lien de parent\u00e9 avec Sadiq al-Mahdi, dernier Premier ministre d\u00e9mocratiquement \u00e9lu, chass\u00e9 du pouvoir par M. B\u00e9chir.<\/p>\n<p>Outre les deux filles du chef d\u2019al-Oumma, \u00ab\u00a0cinq autres responsables de notre parti ont \u00e9galement \u00e9t\u00e9 emmen\u00e9s par les agents des renseignements\u00a0\u00bb, a-t-il ajout\u00e9, pr\u00e9cisant attendre des \u00ab\u00a0d\u00e9cisions de justice concernant Rabah et les cinq autres\u00a0\u00bb.<\/p>\n<p><ins data-revive-zoneid=\"9\" data-revive-id=\"10111e19d28d19d031742ee3b0b33eb0\"\/> <\/p>\n<p>Selon lui, la police a tir\u00e9 des gaz lacrymog\u00e8nes sur les protestataires rassembl\u00e9s devant les bureaux du parti.<\/p>\n<p>Les policiers les ont \u00ab\u00a0dispers\u00e9s avant qu\u2019ils ne puissent marcher\u00a0\u00bb, d\u2019apr\u00e8s un t\u00e9moin, qui a indiqu\u00e9 que les protestataires avaient ensuite \u00ab\u00a0lanc\u00e9 des manifestations dans quelques quartiers d\u2019Omdourman\u00a0\u00bb, et que plusieurs d\u2019entre eux avaient \u00e9t\u00e9 arr\u00eat\u00e9s.<\/p>\n<p>Le NISS a arr\u00eat\u00e9 depuis d\u00e9cembre des centaines de manifestants, leaders de l\u2019opposition, militants et journalistes, d\u2019apr\u00e8s des ONG.<\/p>\n<p>Depuis l\u2019\u00e9tat d\u2019urgence, quelque 900 manifestants ont \u00e9t\u00e9 conduits devant des \u00ab\u00a0tribunaux d\u2019exception\u00a0\u00bb \u00e0 Khartoum et \u00e0 Omdourman, selon les m\u00e9dias officiels.<\/p>\n<p>Selon un bilan officiel, 31 personnes sont mortes depuis le 19 d\u00e9cembre. L\u2019ONG Human Rights Watch (HRW) \u00e9voque le chiffre de 51 morts.<\/p>\n<p>Le mouvement de contestation a d\u00e9but\u00e9 le 19 d\u00e9cembre apr\u00e8s la d\u00e9cision du gouvernement de tripler le prix du pain, en plein marasme \u00e9conomique.<\/p>\n<\/div>\n<p>Auteur: AFP<br \/>\n<a href=\"https:\/\/www.journalducameroun.com\/soudan-une-responsable-de-lopposition-emprisonnee-apres-avoir-tente-de-protester\/\">Cliquez ici pour lire l&rsquo;article depuis sa source.<\/a><\/p>\n","protected":false},"excerpt":{"rendered":"<p>Publi\u00e9 le 10.03.2019 \u00e0 16h50 par AFP Une responsable de l\u2019opposition soudanaise a \u00e9t\u00e9 condamn\u00e9e dimanche \u00e0 une semaine de prison, quelques heures apr\u00e8s avoir \u00e9t\u00e9 arr\u00eat\u00e9e avec d\u2019autres opposants pour avoir tent\u00e9 d\u2019organiser une marche vers le Parlement contre l\u2019\u00e9tat d\u2019urgence impos\u00e9 dans le pays, selon des militants. L\u2019\u00e9tat d\u2019urgence a \u00e9t\u00e9 impos\u00e9 le [&hellip;]<\/p>\n","protected":false},"author":1965,"featured_media":0,"comment_status":"closed","ping_status":"closed","sticky":false,"template":"","format":"standard","meta":{"fifu_image_url":"","fifu_image_alt":"","footnotes":""},"categories":[73,82],"tags":[],"class_list":["post-20847","post","type-post","status-publish","format-standard","hentry","category-actualite","category-cameroun"],"_links":{"self":[{"href":"https:\/\/linitiative.ca\/International\/wp-json\/wp\/v2\/posts\/20847","targetHints":{"allow":["GET"]}}],"collection":[{"href":"https:\/\/linitiative.ca\/International\/wp-json\/wp\/v2\/posts"}],"about":[{"href":"https:\/\/linitiative.ca\/International\/wp-json\/wp\/v2\/types\/post"}],"author":[{"embeddable":true,"href":"https:\/\/linitiative.ca\/International\/wp-json\/wp\/v2\/users\/1965"}],"replies":[{"embeddable":true,"href":"https:\/\/linitiative.ca\/International\/wp-json\/wp\/v2\/comments?post=20847"}],"version-history":[{"count":0,"href":"https:\/\/linitiative.ca\/International\/wp-json\/wp\/v2\/posts\/20847\/revisions"}],"wp:attachment":[{"href":"https:\/\/linitiative.ca\/International\/wp-json\/wp\/v2\/media?parent=20847"}],"wp:term":[{"taxonomy":"category","embeddable":true,"href":"https:\/\/linitiative.ca\/International\/wp-json\/wp\/v2\/categories?post=20847"},{"taxonomy":"post_tag","embeddable":true,"href":"https:\/\/linitiative.ca\/International\/wp-json\/wp\/v2\/tags?post=20847"}],"curies":[{"name":"wp","href":"https:\/\/api.w.org\/{rel}","templated":true}]}}