{"id":20915,"date":"2019-03-10T17:47:09","date_gmt":"2019-03-10T21:47:09","guid":{"rendered":"https:\/\/linitiative.ca\/International\/5e-course-feminine-dessaouira-victoire-doumaima-saoud\/"},"modified":"2019-03-10T17:47:09","modified_gmt":"2019-03-10T21:47:09","slug":"5e-course-feminine-dessaouira-victoire-doumaima-saoud","status":"publish","type":"post","link":"https:\/\/linitiative.ca\/International\/5e-course-feminine-dessaouira-victoire-doumaima-saoud\/","title":{"rendered":"5\u00e8 Course f\u00e9minine d\u2019Essaouira : Victoire d\u2019Ouma\u00efma Saoud"},"content":{"rendered":"<div readability=\"37\">\n<p>Essaouira \u2013 L\u2019athl\u00e8te Ouma\u00efma Saoud a remport\u00e9, dimanche, la cinqui\u00e8me \u00e9dition de la Course f\u00e9minine de la ville d\u2019Essaouira, un \u00e9v\u00e9nement organis\u00e9 dans le cadre de la c\u00e9l\u00e9bration de la Journ\u00e9e Internationale de la Femme.<\/p>\n<\/div>\n<div readability=\"145\">\n<p>Ouma\u00efma Saoud, de l\u2019Association \u00a0\u00bbAmal Sportif Essaouira d\u2019Athl\u00e9tisme (ASE\/A)\u00a0\u00bb s\u2019est adjug\u00e9e la premi\u00e8re marche du podium devant les athl\u00e8tes Hayat Benhaniya (2\u00e8) et Latifa Taloub (3\u00e8), issues toutes les deux du Club Itihad Ait Melloul (Agadir).<\/p>\n<p>La 5\u00e8 \u00e9dition de la Course f\u00e9minine d\u2019Essaouira a \u00e9t\u00e9 organis\u00e9e sur un circuit long de 4000 m et a connu la participation de plus 1.500 athl\u00e8tes, dont plus de 600 femmes.<\/p>\n<p>Chez les Minimes (filles U-12), la premi\u00e8re place d\u2019une course organis\u00e9e s\u00e9par\u00e9ment sur un circuit de 1000 m, est revenue \u00e0 Ouma\u00efma Darche, suivie en seconde position par Leila Ibnarab, alors que Ilham Darche, s\u2019est adjug\u00e9e la 3\u00e8 position du Classement.<\/p>\n<p>En marge de cette comp\u00e9tition sportive, un hommage a \u00e9t\u00e9 rendu \u00e0 plusieurs femmes de la province ainsi qu\u2019\u00e0 la Consule G\u00e9n\u00e9rale des USA \u00e0 Casablanca, Mme Jennifer Rasamimanana, en pr\u00e9sence du gouverneur de la province d\u2019Essaouira, Adil El Maliki, de chefs des services ext\u00e9rieurs ainsi que d\u2019autres personnalit\u00e9s.<\/p>\n<p>Au terme de cette manifestation sportive 100% f\u00e9minine, des prix ont \u00e9t\u00e9 remis \u00e0 l\u2019ensemble des vainqueurs dans les cat\u00e9gories \u00ab\u00a0Femmes athl\u00e8tes professionnelles\u00a0\u00bb, \u00ab\u00a0les Minimes (fille U-12 ans)\u00a0\u00bb, \u00a0\u00bb les femmes non professionnelles\u00a0\u00bb, et \u00ab\u00a0les femmes aux besoins sp\u00e9cifiques\u00a0\u00bb.<\/p>\n<p>Dans des d\u00e9clarations \u00e0 la presse, diff\u00e9rentes participantes \u00e0 cette course ont lou\u00e9 le bon d\u00e9roulement de cette comp\u00e9tition ainsi que son r\u00f4le dans la dynamique socio\u00e9conomique et sportive de la cit\u00e9 des Aliz\u00e9s, relevant que cette initiative demeure importante en ce sens qu\u2019elle encourage la gent f\u00e9minine \u00e0 prendre connaissance que le sport n\u2019est pas une pratique exclusivement r\u00e9serv\u00e9e aux hommes.<\/p>\n<p>Dans une d\u00e9claration similaire \u00e0 cette occasion, M. Mohamed Iboulalen, pr\u00e9sident de l\u2019Association Amal Sportif d\u2019Essaouira d\u2019Athl\u00e9tisme (ASE\/A), affili\u00e9e \u00e0 la F\u00e9d\u00e9ration Royale Marocaine d\u2019Athl\u00e9tisme (FRMA), s\u2019est f\u00e9licit\u00e9 de l\u2019excellente organisation de cette comp\u00e9tition gr\u00e2ce \u00e0 la conjugaison des efforts de plusieurs partenaires, \u00e9mettant le voeu de voir cette manifestation se p\u00e9renniser et s\u2019am\u00e9liorer davantage.<\/p>\n<p>Et de poursuivre que le but recherch\u00e9 \u00e9tait de permettre aux femmes participantes de s\u2019adonner \u00e0 la pratique du sport, tout en les sensibilisant sur ses bienfaits sur la sant\u00e9 et le bien-\u00eatre de tout un chacun.<\/p>\n<p>Ce rendez-vous sportif se fixe pour objectifs aussi de d\u00e9nicher de jeunes talents dans l\u2019optique de les accompagner et de les encadrer pour en faire des champions de demain, et d\u2019inciter les femmes et les jeunes filles \u00e0 int\u00e9grer le sport dans la vie quotidienne, a-t-il conclu.<\/p>\n<p>De son c\u00f4t\u00e9, la Consule G\u00e9n\u00e9rale des USA \u00e0 Casablanca, Mme Rasamimanana, a dit toute sa joie et sa grande fiert\u00e9 de se retrouver \u00e0 Essaouira, cette ville charg\u00e9e d\u2019histoire, le temps de prendre part \u00e0 cette comp\u00e9tition f\u00e9minine destin\u00e9e \u00e0 encourager les femmes \u00e0 tester leur r\u00e9sistance et endurance via le sport.<\/p>\n<p>\u00ab\u00a0Nous sommes l\u00e0 pour f\u00eater la journ\u00e9e internationale de la femme, pour courir et encourager toutes les femmes de tous les \u00e2ges \u00e0 participer activement \u00e0 la vie et \u00e0 ne jamais se faire des limites\u00a0\u00bb, a dit la diplomate am\u00e9ricaine, se disant tr\u00e8s fi\u00e8re et honor\u00e9e de soutenir cette course depuis des ann\u00e9es.<\/p>\n<p>Cette course s\u2019ins\u00e8re dans le cadre d\u2019une s\u00e9rie d\u2019initiatives men\u00e9es par l\u2019ambassade des USA \u00e0 Rabat et le Consulat am\u00e9ricain \u00e0 Casablanca pour soutenir les femmes et la jeunesse, s\u2019est-elle f\u00e9licit\u00e9e.<\/p>\n<p>Pour cette cinqui\u00e8me \u00e9dition, l\u2019ASE\/A a initi\u00e9 un projet rural pour porter son message \u00ab\u00a0le sport pour tous\u00a0\u00bb dans des villages de la province d\u2019Essaouira, en organisant des s\u00e9ances d\u2019\u00e9tirement, d\u2019\u00e9chauffement, et un premier entra\u00eenement complet au profit de 120 \u00e9l\u00e8ves dans chacune des trois \u00e9coles rurales cibl\u00e9es et ce, afin de les pr\u00e9parer et leur faire d\u00e9couvrir le bien-\u00eatre de la pratique physique.<\/p>\n<p>Cr\u00e9\u00e9e en 2015, cette Course f\u00e9minine vise \u00e0 faire profiter le plus grand nombre de femmes et de jeunes de la cit\u00e9 des aliz\u00e9s, en leur offrant une exp\u00e9rience in\u00e9dite pour exercer la marche et la course en plein air dans un environnement s\u00e9curis\u00e9.<\/p>\n<p>Fond\u00e9e en 2008 et affili\u00e9e \u00e0 la FRMA \u00e0 partir de 2009, l\u2019Amal Sportif Essaouira d\u2019Athl\u00e9tisme compte \u00e0 son actif 200 athl\u00e8tes de diff\u00e9rentes cat\u00e9gories, encadr\u00e9s par des entra\u00eeneurs de qualit\u00e9.<\/p>\n<p>L\u2019Association a pris part \u00e0 nombre de comp\u00e9titions nationales, r\u00e9gionales et internationales et pu d\u00e9crocher plusieurs m\u00e9dailles.<\/p>\n<\/div>\n<p>Auteur: Meriem IGASS<br \/>\n<a href=\"http:\/\/www.mapmarrakech.ma\/fr\/5e-course-feminine-dessaouira-victoire-doumaima-saoud\/\">Cliquez ici pour lire l&rsquo;article depuis sa source.<\/a><\/p>\n","protected":false},"excerpt":{"rendered":"<p>Essaouira \u2013 L\u2019athl\u00e8te Ouma\u00efma Saoud a remport\u00e9, dimanche, la cinqui\u00e8me \u00e9dition de la Course f\u00e9minine de la ville d\u2019Essaouira, un \u00e9v\u00e9nement organis\u00e9 dans le cadre de la c\u00e9l\u00e9bration de la Journ\u00e9e Internationale de la Femme. Ouma\u00efma Saoud, de l\u2019Association \u00a0\u00bbAmal Sportif Essaouira d\u2019Athl\u00e9tisme (ASE\/A)\u00a0\u00bb s\u2019est adjug\u00e9e la premi\u00e8re marche du podium devant les athl\u00e8tes Hayat [&hellip;]<\/p>\n","protected":false},"author":1788,"featured_media":0,"comment_status":"closed","ping_status":"closed","sticky":false,"template":"","format":"standard","meta":{"fifu_image_url":"","fifu_image_alt":"","footnotes":""},"categories":[54,76],"tags":[],"class_list":["post-20915","post","type-post","status-publish","format-standard","hentry","category-maroc","category-regions"],"_links":{"self":[{"href":"https:\/\/linitiative.ca\/International\/wp-json\/wp\/v2\/posts\/20915","targetHints":{"allow":["GET"]}}],"collection":[{"href":"https:\/\/linitiative.ca\/International\/wp-json\/wp\/v2\/posts"}],"about":[{"href":"https:\/\/linitiative.ca\/International\/wp-json\/wp\/v2\/types\/post"}],"author":[{"embeddable":true,"href":"https:\/\/linitiative.ca\/International\/wp-json\/wp\/v2\/users\/1788"}],"replies":[{"embeddable":true,"href":"https:\/\/linitiative.ca\/International\/wp-json\/wp\/v2\/comments?post=20915"}],"version-history":[{"count":0,"href":"https:\/\/linitiative.ca\/International\/wp-json\/wp\/v2\/posts\/20915\/revisions"}],"wp:attachment":[{"href":"https:\/\/linitiative.ca\/International\/wp-json\/wp\/v2\/media?parent=20915"}],"wp:term":[{"taxonomy":"category","embeddable":true,"href":"https:\/\/linitiative.ca\/International\/wp-json\/wp\/v2\/categories?post=20915"},{"taxonomy":"post_tag","embeddable":true,"href":"https:\/\/linitiative.ca\/International\/wp-json\/wp\/v2\/tags?post=20915"}],"curies":[{"name":"wp","href":"https:\/\/api.w.org\/{rel}","templated":true}]}}