{"id":20933,"date":"2019-03-11T10:48:25","date_gmt":"2019-03-11T14:48:25","guid":{"rendered":"https:\/\/linitiative.ca\/International\/valorisation-des-dechets-a-djelfa-convention-entre-4-associations-et-organismes-publics\/"},"modified":"2019-03-11T10:48:25","modified_gmt":"2019-03-11T14:48:25","slug":"valorisation-des-dechets-a-djelfa-convention-entre-4-associations-et-organismes-publics","status":"publish","type":"post","link":"https:\/\/linitiative.ca\/International\/valorisation-des-dechets-a-djelfa-convention-entre-4-associations-et-organismes-publics\/","title":{"rendered":"Valorisation des d\u00e9chets \u00e0 Djelfa : Convention entre 4 associations et organismes publics"},"content":{"rendered":"<div>\n<div class=\"K2FeedImage\"><img decoding=\"async\" src=\"http:\/\/www.aps.dz\/media\/k2\/items\/cache\/366d4c791e9dc56380d823b5711fe80c_S.jpg\" alt=\"Valorisation des d\u00e9chets \u00e0 Djelfa : Convention entre 4 associations et organismes publics\"><\/div>\n<div class=\"K2FeedIntroText\">\n<p>DJELFA &#8211; Une convention cadre a \u00e9t\u00e9 sign\u00e9e, \u00e0 Djelfa, entre quatre associations du domaine environnemental et des organismes publics, dans le cadre des efforts de valorisation des d\u00e9chets en papier et en plastique, a-t-on appris, lundi, aupr\u00e8s des services de la wilaya.<\/p>\n<\/div>\n<div class=\"K2FeedFullText\">\n<p>Cet accord, premier du genre, dont l\u2019encadrement a \u00e9t\u00e9 assur\u00e9 par le wali, Toufik Dhif, a pour objectif de \u00ab\u00a0promouvoir l\u2019activit\u00e9 de valorisation des d\u00e9chets en papier et plastique, gr\u00e2ce aux associations du domaine et en coordination avec des partenaires publics, repr\u00e9sent\u00e9s par l\u2019Administration locale et l\u2019entreprise d\u2019enfouissement technique des d\u00e9chets\u00a0\u00bb, a-t-on ajout\u00e9 de m\u00eame source.<\/p>\n<p>Selon Salah Chriet, directeur de l\u2019Administration locale, la signature de cette convention cadre s\u2019inscrit au titre de la mise en application des instructions du wali, qui a recommand\u00e9 l\u2019implication des associations environnementales de la wilaya, dans la collecte et valorisation des d\u00e9chets en papier et en plastique, en collaboration, a-t-il dit, avec l\u2019entreprise d\u2019enfouissement technique des d\u00e9chets, accueillant ce type de d\u00e9chets recyclables.<\/p>\n<p>Le succ\u00e8s de cette op\u00e9ration pourrait constituer un pr\u00e9lude pour d\u2019autres initiatives similaires visant l\u2019implication d\u2019autres jeunes et associations du domaine dans la valoristaion des d\u00e9chets, a-t-il estim\u00e9.<\/p>\n<hr>\n<p><em><strong>Lire aussi:\u00a0<a href=\"http:\/\/www.aps.dz\/societe\/86691-l-elaboration-de-la-strategie-nationale-de-gestion-des-dechets-finalisee\">L&rsquo;\u00e9laboration de la Strat\u00e9gie nationale de gestion des\u00a0<span class=\"highlight\">d\u00e9chets<\/span>\u00a0finalis\u00e9e<\/a><\/strong><\/em><\/p>\n<hr>\n<p>Quant au directeur de l\u2019entreprise d\u2019enfouissement technique des d\u00e9chets, Azouzi Lamine, il a soulign\u00e9 l\u2019inscription de cet accord dans le cadre de l\u2019encouragement et promotion de l\u2019action des associations d\u00e9di\u00e9es \u00e0 la protection de l\u2019environnement.<\/p>\n<p>Le responsable a lou\u00e9 cette initiative locale du chef de l\u2019ex\u00e9cutif, susceptible, selon lui, outre son int\u00e9r\u00eat environnemental, \u00ab\u00a0de constituer une source de revenus pour les associations, tout en aidant \u00e0 l\u2019ancrage d\u2019une culture de tri s\u00e9lectif des d\u00e9chets\u00a0\u00bb, a-t-il soulign\u00e9.<\/p>\n<p>Les repr\u00e9sentants des associations signataires de cet accord cadre, n\u2019ont pas manqu\u00e9 d\u2019exprimer leur\u00a0 \u00ab\u00a0engagement\u00a0\u00bb \u00e0 mettre toute leur exp\u00e9rience en \u0153uvre pour la r\u00e9ussite de cette action.<\/p>\n<\/div>\n<\/div>\n<p>Auteur:<br \/>\n<a href=\"http:\/\/www.aps.dz\/regions\/86729-valorisation-des-dechets-a-djelfa-convention-entre-4-associations-et-organismes-publics\">Cliquez ici pour lire l&rsquo;article depuis sa source.<\/a><\/p>\n","protected":false},"excerpt":{"rendered":"<p>DJELFA &#8211; Une convention cadre a \u00e9t\u00e9 sign\u00e9e, \u00e0 Djelfa, entre quatre associations du domaine environnemental et des organismes publics, dans le cadre des efforts de valorisation des d\u00e9chets en papier et en plastique, a-t-on appris, lundi, aupr\u00e8s des services de la wilaya. Cet accord, premier du genre, dont l\u2019encadrement a \u00e9t\u00e9 assur\u00e9 par le [&hellip;]<\/p>\n","protected":false},"author":1790,"featured_media":20934,"comment_status":"closed","ping_status":"closed","sticky":false,"template":"","format":"standard","meta":{"fifu_image_url":"","fifu_image_alt":"","footnotes":""},"categories":[53,76],"tags":[],"class_list":["post-20933","post","type-post","status-publish","format-standard","has-post-thumbnail","hentry","category-algerie","category-regions"],"_links":{"self":[{"href":"https:\/\/linitiative.ca\/International\/wp-json\/wp\/v2\/posts\/20933","targetHints":{"allow":["GET"]}}],"collection":[{"href":"https:\/\/linitiative.ca\/International\/wp-json\/wp\/v2\/posts"}],"about":[{"href":"https:\/\/linitiative.ca\/International\/wp-json\/wp\/v2\/types\/post"}],"author":[{"embeddable":true,"href":"https:\/\/linitiative.ca\/International\/wp-json\/wp\/v2\/users\/1790"}],"replies":[{"embeddable":true,"href":"https:\/\/linitiative.ca\/International\/wp-json\/wp\/v2\/comments?post=20933"}],"version-history":[{"count":0,"href":"https:\/\/linitiative.ca\/International\/wp-json\/wp\/v2\/posts\/20933\/revisions"}],"wp:featuredmedia":[{"embeddable":true,"href":"https:\/\/linitiative.ca\/International\/wp-json\/"}],"wp:attachment":[{"href":"https:\/\/linitiative.ca\/International\/wp-json\/wp\/v2\/media?parent=20933"}],"wp:term":[{"taxonomy":"category","embeddable":true,"href":"https:\/\/linitiative.ca\/International\/wp-json\/wp\/v2\/categories?post=20933"},{"taxonomy":"post_tag","embeddable":true,"href":"https:\/\/linitiative.ca\/International\/wp-json\/wp\/v2\/tags?post=20933"}],"curies":[{"name":"wp","href":"https:\/\/api.w.org\/{rel}","templated":true}]}}