{"id":20935,"date":"2019-03-11T10:41:17","date_gmt":"2019-03-11T14:41:17","guid":{"rendered":"https:\/\/linitiative.ca\/International\/adrar-large-affluence-aux-portes-ouvertes-sur-les-forces-navales-a-timimoun\/"},"modified":"2019-03-11T10:41:17","modified_gmt":"2019-03-11T14:41:17","slug":"adrar-large-affluence-aux-portes-ouvertes-sur-les-forces-navales-a-timimoun","status":"publish","type":"post","link":"https:\/\/linitiative.ca\/International\/adrar-large-affluence-aux-portes-ouvertes-sur-les-forces-navales-a-timimoun\/","title":{"rendered":"Adrar : large affluence aux Portes ouvertes sur les forces navales \u00e0 Timimoun"},"content":{"rendered":"<div>\n<div class=\"K2FeedIntroText\">\n<p><strong>ADRAR- La manifestation d\u2019information \u00ab\u00a0Portes Ouvertes\u00a0\u00bb sur les forces navales, organis\u00e9es lundi \u00e0 Timimoun (Adrar) a drain\u00e9 un large public, notamment des jeunes, venus s\u2019enqu\u00e9rir des diff\u00e9rentes\u00a0missions de cet institution militaire.<\/strong><\/p>\n<\/div>\n<div class=\"K2FeedFullText\">\n<p>Cette manifestation s\u2019inscrit dans le cadre du programme de communication du haut commandement de l\u2019Arm\u00e9e nationale populaire (ANP) visant \u00e0 raffermir les relations ANP-Nation et mettre en place des passerelles de communication entre l\u2019ANP et la soci\u00e9t\u00e9, a affirm\u00e9 le commandant du secteur militaire d\u2019Adrar, colonel Amara Touahria, dans son allocution d\u2019ouverture de la manifestation.<\/p>\n<p>Ces Portes ouvertes comportent une exposition de maquettes de la flotte navale, d\u2019\u00e9quipements techniques utilis\u00e9s dans la d\u00e9fense des eaux territoriales, ainsi que la pr\u00e9sentation d\u2019explications sur les missions d\u00e9volues \u00e0 ce corps militaire.<\/p>\n<p>Le public a eu l\u2019occasion de s\u2019impr\u00e9gner des diff\u00e9rents services de la marine militaire, dont les services de Garde- c\u00f4tes, l\u2019\u00e9cole sup\u00e9rieure de la marine, l\u2019\u00e9cole d\u2019application de la marine, l\u2019\u00e9tablissement de la\u00a0construction et de la r\u00e9paration, le r\u00e9giment de plong\u00e9e et commando marine.<\/p>\n<p>De nombreux jeunes se sont f\u00e9licit\u00e9s de cette manifestation qui leur a permis de s\u2019informer sur ce corps de l\u2019ANP et de s\u2019enqu\u00e9rir des conditions d\u2019acc\u00e8s \u00e0 ses rangs.<\/p>\n<\/div>\n<\/div>\n<p>Auteur:<br \/>\n<a href=\"http:\/\/www.aps.dz\/regions\/86730-adrar-large-affluence-aux-portes-ouvertes-sur-les-forces-navales-a-timimoun\">Cliquez ici pour lire l&rsquo;article depuis sa source.<\/a><\/p>\n","protected":false},"excerpt":{"rendered":"<p>ADRAR- La manifestation d\u2019information \u00ab\u00a0Portes Ouvertes\u00a0\u00bb sur les forces navales, organis\u00e9es lundi \u00e0 Timimoun (Adrar) a drain\u00e9 un large public, notamment des jeunes, venus s\u2019enqu\u00e9rir des diff\u00e9rentes\u00a0missions de cet institution militaire. Cette manifestation s\u2019inscrit dans le cadre du programme de communication du haut commandement de l\u2019Arm\u00e9e nationale populaire (ANP) visant \u00e0 raffermir les relations ANP-Nation [&hellip;]<\/p>\n","protected":false},"author":1790,"featured_media":0,"comment_status":"closed","ping_status":"closed","sticky":false,"template":"","format":"standard","meta":{"fifu_image_url":"","fifu_image_alt":"","footnotes":""},"categories":[53,76],"tags":[],"class_list":["post-20935","post","type-post","status-publish","format-standard","hentry","category-algerie","category-regions"],"_links":{"self":[{"href":"https:\/\/linitiative.ca\/International\/wp-json\/wp\/v2\/posts\/20935","targetHints":{"allow":["GET"]}}],"collection":[{"href":"https:\/\/linitiative.ca\/International\/wp-json\/wp\/v2\/posts"}],"about":[{"href":"https:\/\/linitiative.ca\/International\/wp-json\/wp\/v2\/types\/post"}],"author":[{"embeddable":true,"href":"https:\/\/linitiative.ca\/International\/wp-json\/wp\/v2\/users\/1790"}],"replies":[{"embeddable":true,"href":"https:\/\/linitiative.ca\/International\/wp-json\/wp\/v2\/comments?post=20935"}],"version-history":[{"count":0,"href":"https:\/\/linitiative.ca\/International\/wp-json\/wp\/v2\/posts\/20935\/revisions"}],"wp:attachment":[{"href":"https:\/\/linitiative.ca\/International\/wp-json\/wp\/v2\/media?parent=20935"}],"wp:term":[{"taxonomy":"category","embeddable":true,"href":"https:\/\/linitiative.ca\/International\/wp-json\/wp\/v2\/categories?post=20935"},{"taxonomy":"post_tag","embeddable":true,"href":"https:\/\/linitiative.ca\/International\/wp-json\/wp\/v2\/tags?post=20935"}],"curies":[{"name":"wp","href":"https:\/\/api.w.org\/{rel}","templated":true}]}}