{"id":20948,"date":"2019-03-11T11:50:03","date_gmt":"2019-03-11T15:50:03","guid":{"rendered":"https:\/\/linitiative.ca\/International\/iran-une-celebre-avocate-des-droits-humains-condamnee-a-sept-ans-de-prison\/"},"modified":"2019-03-11T11:50:03","modified_gmt":"2019-03-11T15:50:03","slug":"iran-une-celebre-avocate-des-droits-humains-condamnee-a-sept-ans-de-prison","status":"publish","type":"post","link":"https:\/\/linitiative.ca\/International\/iran-une-celebre-avocate-des-droits-humains-condamnee-a-sept-ans-de-prison\/","title":{"rendered":"Iran: une c\u00e9l\u00e8bre avocate des droits humains condamn\u00e9e \u00e0 sept ans de prison"},"content":{"rendered":"<div readability=\"32\">\n<p>Publi\u00e9 le 11.03.2019 \u00e0 16h50 par AFP<\/p>\n<\/div>\n<div readability=\"102\">\n<p>L\u2019avocate iranienne Nasrin Sotoudeh, c\u00e9l\u00e8bre militante des droits humains emprisonn\u00e9e \u00e0 T\u00e9h\u00e9ran, a \u00e9t\u00e9 condamn\u00e9e \u00e0 sept ans de prison par la justice iranienne, a rapport\u00e9 lundi l\u2019agence de presse semi-officielle Isna.<\/p>\n<p>Mais cette condamnation pourrait n\u2019\u00eatre que la partie \u00e9merg\u00e9e d\u2019un verdict beaucoup plus lourd de plusieurs dizaines d\u2019ann\u00e9es d\u2019emprisonnement, selon des \u00e9l\u00e9ments communiqu\u00e9s par son mari.<\/p>\n<p>\u00ab\u00a0Nasrin Sotoudeh a \u00e9t\u00e9 condamn\u00e9e \u00e0 cinq ans de prison pour conspiration contre le syst\u00e8me et \u00e0 deux ans pour avoir insult\u00e9 le guide\u00a0\u00bb supr\u00eame Ali Khamenei, a d\u00e9clar\u00e9 le juge Mohammad Moghiseh, \u00e0 la t\u00eate de la 28e chambre du tribunal r\u00e9volutionnaire de T\u00e9h\u00e9ran, selon Isna.<\/p>\n<p>La cour \u00ab\u00a0a tenu une audience pour ce proc\u00e8s \u00e0 laquelle ma cliente n\u2019\u00e9tait pas pr\u00e9sente et nous avons finalement compris que la cour l\u2019avait condamn\u00e9e par contumace\u00a0\u00bb, a affirm\u00e9 \u00e0 l\u2019agence de presse officielle Irna, Mahmoud Behzadi-Rad, l\u2019un des avocats de Mme Sotoudeh, sans pr\u00e9ciser la date de cette audience.<\/p>\n<p>Citant le juge Moghiseh, Isna \u00e9crit que \u00ab\u00a0l\u2019affaire a \u00e9t\u00e9 transmise \u00e0 la Cour d\u2019appel\u00a0\u00bb.<\/p>\n<p>Arr\u00eat\u00e9e en juin 2018, Mme Sotoudeh avait alors appris qu\u2019elle avait \u00e9t\u00e9 condamn\u00e9e \u00e0 cinq ans de prison \u00ab\u00a0par contumace\u00a0\u00bb sur des accusations d\u2019espionnage.<\/p>\n<p>Dans un message publi\u00e9 lundi sur son compte Facebook, Reza Khandan, mari de Mme Sotoudeh, \u00e9crit que cette derni\u00e8re s\u2019est vu notifier \u00ab\u00a0en prison\u00a0\u00bb sa nouvelle condamnation.<\/p>\n<p><ins data-revive-zoneid=\"9\" data-revive-id=\"10111e19d28d19d031742ee3b0b33eb0\"\/> <\/p>\n<p>\u2013 148 coups de fouet \u2013<\/p>\n<p>\u00ab\u00a0Elle a \u00e9t\u00e9 condamn\u00e9e \u00e0 38 ann\u00e9es de prison et 148 coups de fouet. Cinq ans pour la premi\u00e8re affaire et 33 ans et 148 coups de fouets pour la deuxi\u00e8me\u00a0\u00bb, \u00e9crit M. Khandan sans plus de pr\u00e9cision.<\/p>\n<p>On ne sait pas avec pr\u00e9cision si M. Khandan entend par \u00ab\u00a0premi\u00e8re affaire\u00a0\u00bb le dossier qui a valu \u00e0 son \u00e9pouse de retourner en prison en juin ni si la condamnation \u00e0 sept ans de prison rapport\u00e9e par Isna entre dans le cadre de la \u00ab\u00a0deuxi\u00e8me\u00a0\u00bb affaire.<\/p>\n<p>Mohammad Moghimi, un des avocats de Mme Soutoudeh, avait indiqu\u00e9 le 6 mars sur son canal Telegram que sa cliente avait d\u00e9cid\u00e9 de ne pas se faire repr\u00e9senter au tribunal, car elle est d\u2019avis que la proc\u00e9dure en cours ne r\u00e9unit pas les conditions pour \u00ab\u00a0un proc\u00e8s \u00e9quitable\u00a0\u00bb.<\/p>\n<p>Me Moghimi avait pr\u00e9cis\u00e9 que sept chefs d\u2019accusation \u00e9taient retenus contre Mme Sotoudeh dans cette proc\u00e9dure.<\/p>\n<p>R\u00e9compens\u00e9e en 2012 du Prix Sakharov pour la libert\u00e9 de l\u2019esprit d\u00e9cern\u00e9 par le Parlement europ\u00e9en, Mme Sotoudeh a pass\u00e9 trois ans en prison, de 2010 \u00e0 2013, pour \u00ab\u00a0activit\u00e9 contre la s\u00e9curit\u00e9 nationale\u00a0\u00bb et \u00ab\u00a0propagande contre le syst\u00e8me\u00a0\u00bb politique de la R\u00e9publique islamique, apr\u00e8s avoir d\u00e9fendu des opposants arr\u00eat\u00e9s lors des manifestations de 2009 contre la r\u00e9\u00e9lection \u00e0 la pr\u00e9sidence de l\u2019ultraconservateur Mahmoud Ahmadinejad.<\/p>\n<\/div>\n<p>Auteur: AFP<br \/>\n<a href=\"https:\/\/www.journalducameroun.com\/fr\/iran-une-celebre-avocate-des-droits-humains-condamnee-a-sept-ans-de-prison\/\">Cliquez ici pour lire l&rsquo;article depuis sa source.<\/a><\/p>\n","protected":false},"excerpt":{"rendered":"<p>Publi\u00e9 le 11.03.2019 \u00e0 16h50 par AFP L\u2019avocate iranienne Nasrin Sotoudeh, c\u00e9l\u00e8bre militante des droits humains emprisonn\u00e9e \u00e0 T\u00e9h\u00e9ran, a \u00e9t\u00e9 condamn\u00e9e \u00e0 sept ans de prison par la justice iranienne, a rapport\u00e9 lundi l\u2019agence de presse semi-officielle Isna. Mais cette condamnation pourrait n\u2019\u00eatre que la partie \u00e9merg\u00e9e d\u2019un verdict beaucoup plus lourd de plusieurs [&hellip;]<\/p>\n","protected":false},"author":1965,"featured_media":0,"comment_status":"closed","ping_status":"closed","sticky":false,"template":"","format":"standard","meta":{"fifu_image_url":"","fifu_image_alt":"","footnotes":""},"categories":[73,82],"tags":[],"class_list":["post-20948","post","type-post","status-publish","format-standard","hentry","category-actualite","category-cameroun"],"_links":{"self":[{"href":"https:\/\/linitiative.ca\/International\/wp-json\/wp\/v2\/posts\/20948","targetHints":{"allow":["GET"]}}],"collection":[{"href":"https:\/\/linitiative.ca\/International\/wp-json\/wp\/v2\/posts"}],"about":[{"href":"https:\/\/linitiative.ca\/International\/wp-json\/wp\/v2\/types\/post"}],"author":[{"embeddable":true,"href":"https:\/\/linitiative.ca\/International\/wp-json\/wp\/v2\/users\/1965"}],"replies":[{"embeddable":true,"href":"https:\/\/linitiative.ca\/International\/wp-json\/wp\/v2\/comments?post=20948"}],"version-history":[{"count":0,"href":"https:\/\/linitiative.ca\/International\/wp-json\/wp\/v2\/posts\/20948\/revisions"}],"wp:attachment":[{"href":"https:\/\/linitiative.ca\/International\/wp-json\/wp\/v2\/media?parent=20948"}],"wp:term":[{"taxonomy":"category","embeddable":true,"href":"https:\/\/linitiative.ca\/International\/wp-json\/wp\/v2\/categories?post=20948"},{"taxonomy":"post_tag","embeddable":true,"href":"https:\/\/linitiative.ca\/International\/wp-json\/wp\/v2\/tags?post=20948"}],"curies":[{"name":"wp","href":"https:\/\/api.w.org\/{rel}","templated":true}]}}