{"id":20954,"date":"2019-03-11T11:50:04","date_gmt":"2019-03-11T15:50:04","guid":{"rendered":"https:\/\/linitiative.ca\/International\/avale-par-une-baleine-un-plongeur-sud-africain-echappe-a-la-mort\/"},"modified":"2019-03-11T11:50:04","modified_gmt":"2019-03-11T15:50:04","slug":"avale-par-une-baleine-un-plongeur-sud-africain-echappe-a-la-mort","status":"publish","type":"post","link":"https:\/\/linitiative.ca\/International\/avale-par-une-baleine-un-plongeur-sud-africain-echappe-a-la-mort\/","title":{"rendered":"Aval\u00e9 par une baleine, un plongeur sud-africain \u00e9chappe \u00e0 la mort"},"content":{"rendered":"<div readability=\"32\">\n<p>Publi\u00e9 le 11.03.2019 \u00e0 16h50 par AFP<\/p>\n<\/div>\n<div readability=\"111\">\n<p>Depuis plusieurs jours, les images de sa m\u00e9saventure affolent la toile: un plongeur sud-africain a \u00e9chapp\u00e9 par miracle \u00e0 la mort la semaine derni\u00e8re apr\u00e8s avoir \u00e9t\u00e9 bri\u00e8vement aval\u00e9 par une baleine au large de Port-Elizabeth (sud).<\/p>\n<p>La Bible raconte que le proph\u00e8te Jonas avait pass\u00e9 trois jours dans le ventre d\u2019une baleine. Rainer Schimpf a connu la m\u00eame exp\u00e9rience, mais quelques secondes seulement, alors qu\u2019il se trouvait dans un banc de poissons.<\/p>\n<p>\u00ab\u00a0J\u2019avais commenc\u00e9 \u00e0 filmer des dauphins, des requins, des fous de Bassan, des pingouins et des cormorans qui se nourrissaient de sardines lorsque, venant des profondeurs, un rorqual de Bryde a subitement surgi, gobant tout sur son passage\u00a0\u00bb, a racont\u00e9 \u00e0 l\u2019AFP ce d\u00e9fenseur de l\u2019environnement.<\/p>\n<p>\u00ab\u00a0J\u2019ai senti une pression autour de ma taille, j\u2019ai su imm\u00e9diatement ce qui \u00e9tait en train de se passer\u00a0\u00bb, a-t-il ajout\u00e9. \u00ab\u00a0Ca n\u2019a \u00e9t\u00e9 l\u2019affaire que de quelques secondes, avant que le rorqual r\u00e9alise son erreur et ouvre la gueule pour me recracher\u00a0\u00bb.<\/p>\n<p>L\u2019\u00e9pouse du plongeur, Silke, et un photographe, y ont assist\u00e9 avec effroi, et d\u00fbment document\u00e9 la sc\u00e8ne.<\/p>\n<p>Sur quelques images, seules les deux jambes de Rainer Schimpf \u00e9mergent de la gueule du pr\u00e9dateur, un sp\u00e9cimen rare de rorqual de Bryde, des c\u00e9tac\u00e9s pouvant atteindre 15 m, se nourrissant de petits poissons et petits crustac\u00e9s.<\/p>\n<p>A peine remis de ses \u00e9motions, le plongeur miracul\u00e9 n\u2019a pas h\u00e9sit\u00e9 longtemps avant de se rejeter \u00e0 l\u2019eau.<\/p>\n<p><ins data-revive-zoneid=\"9\" data-revive-id=\"10111e19d28d19d031742ee3b0b33eb0\"\/> <\/p>\n<p>\u00ab\u00a0On a v\u00e9rifi\u00e9 que le mat\u00e9riel \u00e9tait OK, que je n\u2019avais ni os bris\u00e9 ou c\u00f4te f\u00eal\u00e9e. Tout \u00e9tait en place\u00a0\u00bb, a-t-il racont\u00e9, avant d\u2019ajouter avec un grand sourire: \u00ab\u00a0dop\u00e9 \u00e0 l\u2019adr\u00e9naline, je ne voulais pas rater cette s\u00e9ance d\u2019app\u00e2t, je suis retourn\u00e9 \u00e0 l\u2019eau, cette fois \u00e0 la recherche de requins\u2026\u00a0\u00bb.<\/p>\n<p>M. Schimpf, 51 ans, est loin d\u2019\u00eatre un d\u00e9butant. Avec vingt ans d\u2019exp\u00e9rience dans le m\u00e9tier et plusieurs r\u00e9compenses \u00e0 son actif, il a parfaitement conscience des risques qu\u2019il court.<\/p>\n<p>\u00ab\u00a0Les pr\u00e9dateurs comme les baleines ou les requins foncent sur leurs proies et souvent notre visibilit\u00e9 est extr\u00eamement r\u00e9duite\u00a0\u00bb, constate-t-il.<\/p>\n<p>Mais pas question de renoncer \u00e0 sa mission. \u00ab\u00a0Notre d\u00e9termination \u00e0 garantir \u00e0 l\u2019environnement les plus grandes attention et protection reste sans faille\u00a0\u00bb. \u00ab\u00a0Et si je devais rena\u00eetre\u00a0\u00bb, philosophe Rainer Schimpf, \u00ab\u00a0j\u2019aimerais que ce soit sous la forme d\u2019une baleine\u00a0\u00bb.<\/p>\n<p>En attendant son \u00e9ventuelle r\u00e9incarnation, son interpr\u00e9tation involontaire de Jonas a fait de lui une vedette sur les r\u00e9seaux sociaux. Les images de son exp\u00e9rience ont d\u00e9j\u00e0 d\u00e9pass\u00e9 la barre du million de vues sur YouTube.<\/p>\n<\/div>\n<p>Auteur: AFP<br \/>\n<a href=\"https:\/\/www.journalducameroun.com\/fr\/avale-par-une-baleine-un-plongeur-sud-africain-echappe-a-la-mort\/\">Cliquez ici pour lire l&rsquo;article depuis sa source.<\/a><\/p>\n","protected":false},"excerpt":{"rendered":"<p>Publi\u00e9 le 11.03.2019 \u00e0 16h50 par AFP Depuis plusieurs jours, les images de sa m\u00e9saventure affolent la toile: un plongeur sud-africain a \u00e9chapp\u00e9 par miracle \u00e0 la mort la semaine derni\u00e8re apr\u00e8s avoir \u00e9t\u00e9 bri\u00e8vement aval\u00e9 par une baleine au large de Port-Elizabeth (sud). La Bible raconte que le proph\u00e8te Jonas avait pass\u00e9 trois jours [&hellip;]<\/p>\n","protected":false},"author":1965,"featured_media":0,"comment_status":"closed","ping_status":"closed","sticky":false,"template":"","format":"standard","meta":{"fifu_image_url":"","fifu_image_alt":"","footnotes":""},"categories":[73,82],"tags":[],"class_list":["post-20954","post","type-post","status-publish","format-standard","hentry","category-actualite","category-cameroun"],"_links":{"self":[{"href":"https:\/\/linitiative.ca\/International\/wp-json\/wp\/v2\/posts\/20954","targetHints":{"allow":["GET"]}}],"collection":[{"href":"https:\/\/linitiative.ca\/International\/wp-json\/wp\/v2\/posts"}],"about":[{"href":"https:\/\/linitiative.ca\/International\/wp-json\/wp\/v2\/types\/post"}],"author":[{"embeddable":true,"href":"https:\/\/linitiative.ca\/International\/wp-json\/wp\/v2\/users\/1965"}],"replies":[{"embeddable":true,"href":"https:\/\/linitiative.ca\/International\/wp-json\/wp\/v2\/comments?post=20954"}],"version-history":[{"count":0,"href":"https:\/\/linitiative.ca\/International\/wp-json\/wp\/v2\/posts\/20954\/revisions"}],"wp:attachment":[{"href":"https:\/\/linitiative.ca\/International\/wp-json\/wp\/v2\/media?parent=20954"}],"wp:term":[{"taxonomy":"category","embeddable":true,"href":"https:\/\/linitiative.ca\/International\/wp-json\/wp\/v2\/categories?post=20954"},{"taxonomy":"post_tag","embeddable":true,"href":"https:\/\/linitiative.ca\/International\/wp-json\/wp\/v2\/tags?post=20954"}],"curies":[{"name":"wp","href":"https:\/\/api.w.org\/{rel}","templated":true}]}}