{"id":20958,"date":"2019-03-11T12:00:41","date_gmt":"2019-03-11T16:00:41","guid":{"rendered":"https:\/\/linitiative.ca\/International\/tunisie-des-etudiants-de-lislt-denoncent-la-negligence-medicale-qui-a-provoque-la-mort-de-12-nourrissons\/"},"modified":"2019-03-11T12:00:41","modified_gmt":"2019-03-11T16:00:41","slug":"tunisie-des-etudiants-de-lislt-denoncent-la-negligence-medicale-qui-a-provoque-la-mort-de-12-nourrissons","status":"publish","type":"post","link":"https:\/\/linitiative.ca\/International\/tunisie-des-etudiants-de-lislt-denoncent-la-negligence-medicale-qui-a-provoque-la-mort-de-12-nourrissons\/","title":{"rendered":"Tunisie- Des \u00e9tudiants de l\u2019ISLT d\u00e9noncent la n\u00e9gligence m\u00e9dicale qui a provoqu\u00e9 la mort de 12 nourrissons"},"content":{"rendered":"<div class=\"post-cont-in left relative\">\n<div class=\"nc_socialPanel swp_flatFresh swp_d_fullColor swp_i_fullColor swp_o_fullColor scale-100 scale-fullWidth\" data-position=\"none\" data-float=\"floatNone\" data-count=\"5\" data-floatcolor=\"#ffffff\" data-emphasize=\"0\">\n<div class=\"nc_tweetContainer totes totesalt\" data-id=\"6\"><span class=\"swp_count\"><span class=\"swp_label\">Partages<\/span> 34<\/span><\/div>\n<\/div>\n<p>Des \u00e9tudiants de l\u2019institut sup\u00e9rieur des langues de Tunis ont plac\u00e9 12 cartons sur les tables.\u00a012 cartons symbolisant le nombre de nouveaux n\u00e9s d\u00e9c\u00e9d\u00e9s \u00e0 l\u2019h\u00f4pital Rabta.<\/p>\n<p>Sur\u00a0\u00a0 chaque carton, \u00e9tait inscrit le nom de fils de nombreux politiciens \u00e0 l\u2019instar de B\u00e9ji Ca\u00efd Sebsi, Youssef Chahed et celui du ministre de la sant\u00e9, d\u00e9missionnaire.<\/p>\n<div class=\"code-block code-block-1 c3\"><ins class=\"adsbygoogle c2\" data-ad-layout=\"in-article\" data-ad-format=\"fluid\" data-ad-client=\"ca-pub-2102118777505746\" data-ad-slot=\"7301775417\"\/> <\/div>\n<p>Les \u00e9tudiants de l\u2019ISLT, ont voulu par le biais de ce mouvement faire savoir aux responsables ce que les parents des d\u00e9funts ont ressenti .<\/p>\n<p><img loading=\"lazy\" decoding=\"async\" class=\"alignnone size-full wp-image-421142\" src=\"https:\/\/www.tunisienumerique.com\/wp-content\/uploads\/2019\/03\/D1XyDn8WoAAbvHr-1.jpg\" alt=\"\" width=\"600\" height=\"350\"\/><\/p>\n<p><img loading=\"lazy\" decoding=\"async\" class=\"alignnone wp-image-421141\" src=\"https:\/\/www.tunisienumerique.com\/wp-content\/uploads\/2019\/03\/D1XyCwLXcAAtF1l.jpg\" alt=\"\" width=\"595\" height=\"334\" srcset=\"https:\/\/www.tunisienumerique.com\/wp-content\/uploads\/2019\/03\/D1XyCwLXcAAtF1l.jpg 712w, https:\/\/www.tunisienumerique.com\/wp-content\/uploads\/2019\/03\/D1XyCwLXcAAtF1l-600x337.jpg 600w\" sizes=\"auto, (max-width: 595px) 100vw, 595px\"\/><\/p>\n<p><img loading=\"lazy\" decoding=\"async\" class=\"alignnone size-full wp-image-421140\" src=\"https:\/\/www.tunisienumerique.com\/wp-content\/uploads\/2019\/03\/D1XyC6LXcAAZkta.jpg\" alt=\"\" width=\"600\" height=\"300\"\/><img loading=\"lazy\" decoding=\"async\" class=\"alignnone size-full wp-image-421139\" src=\"https:\/\/www.tunisienumerique.com\/wp-content\/uploads\/2019\/03\/D1XyDSzX0AA65Fc.jpg\" alt=\"\" width=\"600\" height=\"350\"\/><\/p>\n<div class=\"mvp-org-wrap mvp-org-logo\" itemprop=\"publisher\" itemscope=\"\" itemtype=\"https:\/\/schema.org\/Organization\"><img decoding=\"async\" src=\"https:\/\/www.tunisienumerique.com\/wp-content\/uploads\/2017\/02\/logo_tunisie_numerique.png\"\/><\/div>\n<div class=\"nc_socialPanel swp_flatFresh swp_d_fullColor swp_i_fullColor swp_o_fullColor scale-100 scale-fullWidth\" data-position=\"none\" data-float=\"floatNone\" data-count=\"5\" data-floatcolor=\"#ffffff\" data-emphasize=\"0\">\n<div class=\"nc_tweetContainer totes totesalt\" data-id=\"6\"><span class=\"swp_count\"><span class=\"swp_label\">Partages<\/span> 34<\/span><\/div>\n<\/div>\n<div class=\"mvp-related-posts left relative\">\n<h4 class=\"post-header\"><span class=\"post-header\">Lire aussi<\/span><\/h4>\n<\/div>\n<\/div>\n<p>Auteur: Laameri Dorsaf<br \/>\n<a href=\"https:\/\/www.tunisienumerique.com\/tunisie-des-etudiants-de-lislt-denoncent-la-negligence-medicale-qui-a-provoque-la-mort-de-12-nourrissons\/\">Cliquez ici pour lire l&rsquo;article depuis sa source.<\/a><\/p>\n","protected":false},"excerpt":{"rendered":"<p>Partages 34 Des \u00e9tudiants de l\u2019institut sup\u00e9rieur des langues de Tunis ont plac\u00e9 12 cartons sur les tables.\u00a012 cartons symbolisant le nombre de nouveaux n\u00e9s d\u00e9c\u00e9d\u00e9s \u00e0 l\u2019h\u00f4pital Rabta. Sur\u00a0\u00a0 chaque carton, \u00e9tait inscrit le nom de fils de nombreux politiciens \u00e0 l\u2019instar de B\u00e9ji Ca\u00efd Sebsi, Youssef Chahed et celui du ministre de la [&hellip;]<\/p>\n","protected":false},"author":1789,"featured_media":20962,"comment_status":"closed","ping_status":"closed","sticky":false,"template":"","format":"standard","meta":{"fifu_image_url":"","fifu_image_alt":"","footnotes":""},"categories":[73,55],"tags":[],"class_list":["post-20958","post","type-post","status-publish","format-standard","has-post-thumbnail","hentry","category-actualite","category-tunisie"],"_links":{"self":[{"href":"https:\/\/linitiative.ca\/International\/wp-json\/wp\/v2\/posts\/20958","targetHints":{"allow":["GET"]}}],"collection":[{"href":"https:\/\/linitiative.ca\/International\/wp-json\/wp\/v2\/posts"}],"about":[{"href":"https:\/\/linitiative.ca\/International\/wp-json\/wp\/v2\/types\/post"}],"author":[{"embeddable":true,"href":"https:\/\/linitiative.ca\/International\/wp-json\/wp\/v2\/users\/1789"}],"replies":[{"embeddable":true,"href":"https:\/\/linitiative.ca\/International\/wp-json\/wp\/v2\/comments?post=20958"}],"version-history":[{"count":0,"href":"https:\/\/linitiative.ca\/International\/wp-json\/wp\/v2\/posts\/20958\/revisions"}],"wp:featuredmedia":[{"embeddable":true,"href":"https:\/\/linitiative.ca\/International\/wp-json\/"}],"wp:attachment":[{"href":"https:\/\/linitiative.ca\/International\/wp-json\/wp\/v2\/media?parent=20958"}],"wp:term":[{"taxonomy":"category","embeddable":true,"href":"https:\/\/linitiative.ca\/International\/wp-json\/wp\/v2\/categories?post=20958"},{"taxonomy":"post_tag","embeddable":true,"href":"https:\/\/linitiative.ca\/International\/wp-json\/wp\/v2\/tags?post=20958"}],"curies":[{"name":"wp","href":"https:\/\/api.w.org\/{rel}","templated":true}]}}