{"id":20961,"date":"2019-03-10T17:51:11","date_gmt":"2019-03-10T21:51:11","guid":{"rendered":"https:\/\/linitiative.ca\/International\/centenaire-du-burkina-faso-une-halte-pour-revisiter-lhistoire\/"},"modified":"2019-03-10T17:51:11","modified_gmt":"2019-03-10T21:51:11","slug":"centenaire-du-burkina-faso-une-halte-pour-revisiter-lhistoire","status":"publish","type":"post","link":"https:\/\/linitiative.ca\/International\/centenaire-du-burkina-faso-une-halte-pour-revisiter-lhistoire\/","title":{"rendered":"Centenaire du Burkina Faso : Une halte pour revisiter l\u2019histoire"},"content":{"rendered":"<div class=\"td-post-featured-image\" readability=\"35\"><a href=\"https:\/\/i0.wp.com\/www.sidwaya.info\/wp-content\/uploads\/2019\/03\/centenaire.jpg?fit=700%2C467&#038;ssl=1\" data-caption=\"Les plus hautes autorit\u00e9s du pays ont d\u00e9cid\u00e9 d\u2019une comm\u00e9moration sobre, mais digne d\u2019un centenaire, avec de nombreuses activit\u00e9s tout au long de l\u2019ann\u00e9e 2019.\"><img loading=\"lazy\" decoding=\"async\" width=\"696\" height=\"464\" class=\"entry-thumb td-modal-image\" src=\"https:\/\/i0.wp.com\/www.sidwaya.info\/wp-content\/uploads\/2019\/03\/centenaire.jpg?resize=696%2C464&#038;ssl=1\" srcset=\"https:\/\/i0.wp.com\/www.sidwaya.info\/wp-content\/uploads\/2019\/03\/centenaire.jpg?w=700&#038;ssl=1 700w, https:\/\/i0.wp.com\/www.sidwaya.info\/wp-content\/uploads\/2019\/03\/centenaire.jpg?resize=300%2C200&#038;ssl=1 300w, https:\/\/i0.wp.com\/www.sidwaya.info\/wp-content\/uploads\/2019\/03\/centenaire.jpg?resize=696%2C464&#038;ssl=1 696w, https:\/\/i0.wp.com\/www.sidwaya.info\/wp-content\/uploads\/2019\/03\/centenaire.jpg?resize=630%2C420&#038;ssl=1 630w\" sizes=\"auto, (max-width: 696px) 100vw, 696px\" alt=\"\" title=\"centenaire\"\/><\/a>Les plus hautes autorit\u00e9s du pays ont d\u00e9cid\u00e9 d\u2019une comm\u00e9moration sobre, mais digne d\u2019un centenaire, avec de nombreuses activit\u00e9s tout au long de l\u2019ann\u00e9e 2019.<\/div>\n<div class=\"td-a-rec td-a-rec-id-content_top td_uid_30_5c86add9f20d3_rand td_block_template_1\"><img loading=\"lazy\" decoding=\"async\" class=\"aligncenter size-full wp-image-4463\" src=\"https:\/\/www.sidwaya.info\/wp-content\/uploads\/2019\/02\/FESPACO-TOUR-2019-Bannie%CC%80re-728x90-1.jpg\" alt=\"\" width=\"728\" height=\"90\"\/><\/div>\n<p><strong>Le Pr\u00e9sident du Faso, Roch Marc Christian Kabor\u00e9, a pr\u00e9sid\u00e9 le colloque du centenaire de la cr\u00e9ation de la Haute-Volta, le samedi 9 mars 2019 \u00e0 l\u2019Universit\u00e9 Ouaga I Pr Joseph-Ki-Zerbo.<\/strong><\/p>\n<p>Il y a 100 ans que la colonie de Haute-Volta, actuel Burkina Faso, a \u00e9t\u00e9 cr\u00e9\u00e9e. Un si\u00e8cle marqu\u00e9 d\u2019histoires et de m\u00e9moire collective dont les sillons ont \u00e9t\u00e9 trac\u00e9s par les filles et les fils de la patrie. Pour rendre un hommage m\u00e9rit\u00e9 \u00e0 ces derniers, les plus hautes autorit\u00e9s du pays ont d\u00e9cid\u00e9 de marquer une halte, \u00e0 travers un colloque sur le centenaire de la cr\u00e9ation de la Haute-Volta.<\/p>\n<p>Pour la circonstance, c\u2019est l\u2019Amphi D de l\u2019Universit\u00e9 Ouaga I Pr Joseph-Ki-Zerbo qui a servi de cadre \u00e0 la comm\u00e9moration, le samedi 9 mars 2019, sous la pr\u00e9sidence du Pr\u00e9sident du Faso, Roch Marc Christian Kabor\u00e9. Selon le pr\u00e9sident de l\u2019Universit\u00e9 Ouaga I Pr Joseph-Ki-Zerbo, Pr Rabiou Ciss\u00e9, le choix du temple du savoir pour abriter le colloque confirme le r\u00f4le et la place de l\u2019universit\u00e9 dans le d\u00e9veloppement socio\u00e9conomique du Burkina Faso.<\/p>\n<p>Cette comm\u00e9moration se veut sobre, mais digne d\u2019un centenaire avec de nombreuses activit\u00e9s tout au long de l\u2019ann\u00e9e 2019, de l\u2019avis du pr\u00e9sident de la commission colloque et conf\u00e9rence, Pr Magloire Som\u00e9. Il a indiqu\u00e9 que ce colloque sera ponctu\u00e9 de communications (en quatre axes) venant de six pays \u00e0 savoir\u00a0: la C\u00f4te d\u2019Ivoire, la France, le Mali, le Canada, les Etats-Unis et le Burkina Faso.<\/p>\n<p>Le premier axe porte sur \u00abL\u2019\u00e9volution de la politique coloniale de la France\u00a0: de la fin du 19e si\u00e8cle \u00e0 1919\u00bb. \u00abUne dizaine de communications analyseront les motivations r\u00e9elles de la cr\u00e9ation de la Haute-Volta\u00bb, a expliqu\u00e9 le Pr Magloire Som\u00e9. Le second axe concerne \u00abLa gouvernance administrative de la France en Haute-Volta de 1919 \u00e0 1932\u00bb,\u00a0avec un accent particulier sur les \u0153uvres sociales et \u00e9ducatives\u00a0; puis de \u00abLa Haute C\u00f4te-d\u2019Ivoire de 1933 \u00e0 1947\u00bb.<\/p>\n<p>Le troisi\u00e8me axe va s\u2019int\u00e9resser \u00e0 \u00abL\u2019exploitation \u00e9conomique, l\u2019h\u00e9ritage social et la culture mat\u00e9rielle de 1919 \u00e0 1947\u00bb. Le quatri\u00e8me axe a trait \u00e0 \u00abL\u2019\u00e9mergence d\u2019une \u00e9lite africaine porteuse de modernit\u00e9, mais promotrice de la culture africaine\u00bb \u00e0 travers la litt\u00e9rature, et m\u00e9diatrice dans la construction du savoir ethnologique dans l\u2019entre-deux guerre, selon le pr\u00e9sident de la commission colloque et conf\u00e9rences.<\/p>\n<h3>Quels legs \u00e0 la jeunesse?<\/h3>\n<p><img loading=\"lazy\" decoding=\"async\" class=\"size-medium wp-image-5337\" src=\"https:\/\/i1.wp.com\/www.sidwaya.info\/wp-content\/uploads\/2019\/03\/centenaire2.jpg?resize=300%2C200&#038;ssl=1\" alt=\"\" width=\"300\" height=\"200\" srcset=\"https:\/\/i1.wp.com\/www.sidwaya.info\/wp-content\/uploads\/2019\/03\/centenaire2.jpg?resize=300%2C200&#038;ssl=1 300w, https:\/\/i1.wp.com\/www.sidwaya.info\/wp-content\/uploads\/2019\/03\/centenaire2.jpg?resize=696%2C464&#038;ssl=1 696w, https:\/\/i1.wp.com\/www.sidwaya.info\/wp-content\/uploads\/2019\/03\/centenaire2.jpg?resize=630%2C420&#038;ssl=1 630w, https:\/\/i1.wp.com\/www.sidwaya.info\/wp-content\/uploads\/2019\/03\/centenaire2.jpg?w=700&#038;ssl=1 700w\" sizes=\"auto, (max-width: 300px) 100vw, 300px\" data-recalc-dims=\"1\"\/>Une trentaine de communicateurs venus de six pays d\u2019Afrique, d\u2019Europe et d\u2019Am\u00e9rique ont \u00e9t\u00e9 mobilis\u00e9s pour revisiter le centenaire de la cr\u00e9ation de la Haute-Volta.<\/p>\n<p>Dans son discours d\u2019ouverture du colloque, le ministre d\u2019Etat, ministre de l\u2019Administration territoriale, de la D\u00e9centralisation et de la Coh\u00e9sion sociale, Sim\u00e9on Sawadogo, a rappel\u00e9 que la France a cr\u00e9\u00e9 la Haute-Volta, le 1er mars 1919, en fonction de ses int\u00e9r\u00eats et qu\u2019elle a ensuite d\u00e9cid\u00e9 en 1932, selon l\u2019\u00e9volution de ses int\u00e9r\u00eats du moment, de la supprimer.<\/p>\n<p>\u00abMais dans la soci\u00e9t\u00e9, le droit d\u2019engendrement ne donne jamais de droit \u00e0 l\u2019homicide. Quand elle la supprima, des Africains et des Fran\u00e7ais coalis\u00e9s firent pression sur elle pour sa reconstitution. Le 4 septembre 1947, la France la reconstitua et elle devint le cadre du futur Etat souverain. Il est donc \u00e0 relever que la volont\u00e9 des peuples est souvent d\u2019autant plus forte qu\u2019elle arrive \u00e0 faire infl\u00e9chir la position des dirigeants\u00bb, a-t-il relev\u00e9.<\/p>\n<p>Pour lui, le rappel de ce pass\u00e9 est riche d\u2019enseignements en ce sens que cette connaissance historique est essentielle \u00e0 la fois pour le peuple, pour sa jeunesse en particulier et pour ses dirigeants. Elle les \u00e9claire, a poursuivi le ministre d\u2019Etat, d\u2019un jour nouveau et leur permet d\u2019assurer leur destin, d\u2019\u00e9veiller et de motiver la conscience collective. La conf\u00e9rence inaugurale du colloque a \u00e9t\u00e9 anim\u00e9e par le Pr Jean Marc Palm.<\/p>\n<p>Elle a port\u00e9 sur le th\u00e8me : \u00ab1919-2019, centenaire de la cr\u00e9ation de la Haute volta : quels legs \u00e0 la jeunesse\u00bb. Dans son expos\u00e9, le conf\u00e9rencier a fait savoir que le combat du peuple burkinab\u00e8 a permis de contribuer \u00e0 la conqu\u00eate de nombreux acquis politiques et sociaux, malgr\u00e9 ses querelles pseudo-id\u00e9ologiques qui l\u2019ont fortement desservi.<\/p>\n<p>D\u2019o\u00f9 ces questionnements : \u00abQuelle part de responsabilit\u00e9 avons-nous dans les d\u00e9rives actuelles que conna\u00eet une certaine jeunesse gagn\u00e9e par le d\u00e9sespoir d\u00fb \u00e0 l\u2019incertitude du lendemain qui ne jure que parce qu\u2019elle appelle le business ? Avons-nous su leur transmettre les valeurs de patriotisme, d\u2019int\u00e9grit\u00e9 et d\u2019amour du travail ? Quelles orientations leur indiquons-nous pour un Burkina Faso prosp\u00e8re dans un monde en perp\u00e9tuelle mutation ?\u00bb. En marge du colloque, il est pr\u00e9vu une visite sur le site de sculpture de Laongo.<\/p>\n<p class=\"c1\"><strong>Pat\u00e9n\u00e9ma Oumar OUEDRAOGO<\/strong><\/p>\n<hr\/>\n<p><strong>Le pr\u00e9sident du Faso\u00a0: \u00abLa jeunesse doit pouvoir tirer<\/strong><br \/><strong>des aspects qualitatifs\u00bb<\/strong><\/p>\n<p>\u00abCela fait un si\u00e8cle que la Haute-Volta a \u00e9t\u00e9 \u00e9rig\u00e9e. Ce pays, jusqu\u2019en 1983, s\u2019appelait Haute-Volta et aujourd\u2019hui Burkina Faso. Nous assistons \u00e0 l\u2019organisation d\u2019un colloque scientifique qui doit nous permettre de nous approprier notre histoire. Il n\u2019y a pas d\u2019avenir dans un pays si cet avenir n\u2019est pas fond\u00e9 sur l\u2019histoire et les le\u00e7ons que nous retenons de cette histoire. Il faut que les Burkinab\u00e8, les scientifiques, nos historiens et tous ceux qui peuvent participer \u00e0 la reconstitution de notre histoire le fassent.<\/p>\n<p>Et que nous ayons au bout de cette ann\u00e9e, quelque chose qui soit faite pour permettre d\u2019enseigner nos jeunes et nos enfants dans le cadre de la meilleure connaissance de notre histoire. Cela me semble important, parce que si vous voyez que tous les grands pays du monde avancent, c\u2019est parce que quelque part, l\u2019histoire a \u00e9t\u00e9 la base de ces avanc\u00e9es. Si vous demandez aujourd\u2019hui \u00e0 beaucoup de jeunes, quelle est l\u2019histoire du Burkina Faso, personne ne sait de quoi il s\u2019agit.<\/p>\n<p class=\"c2\">C\u2019est pourquoi, l\u2019enseignement, la r\u00e9\u00e9criture de cette histoire par nous-m\u00eames et l\u2019appropriation est un \u00e9l\u00e9ment fondamental de la prise de conscience que nous appartenons \u00e0 un m\u00eame Etat. L\u2019histoire n\u2019est pas faite simplement de succ\u00e8s. Il y a des moments de recul et nous devons tirer des le\u00e7ons. La jeunesse doit pouvoir tirer des aspects qualitatifs qui ont fait que des hommes et des femmes ont sacrifi\u00e9 leur vie pour ce pays. Cela s\u2019est pass\u00e9 hier, \u00e7a se passera aujourd\u2019hui et ce sera le cas demain et le Burkina Faso reste debout.\u00bb.<\/p>\n<p class=\"c1\"><strong>Propos recueillis par POO<\/strong><\/p>\n<div class=\"td-a-rec td-a-rec-id-content_bottom td_uid_31_5c86add9f2226_rand td_block_template_1\"><img loading=\"lazy\" decoding=\"async\" class=\"alignright size-full wp-image-1724\" src=\"https:\/\/www.sidwaya.info\/wp-content\/uploads\/2018\/12\/sidwaya-pub.jpg\" alt=\"\" width=\"720\" height=\"90\"\/><\/div>\n<p>Auteur: JK. Sidwaya<br \/>\n<a href=\"https:\/\/www.sidwaya.info\/blog\/2019\/03\/10\/centenaire-du-burkina-faso-une-halte-pour-revisiter-lhistoire\/\">Cliquez ici pour lire l&rsquo;article depuis sa source.<\/a><\/p>\n","protected":false},"excerpt":{"rendered":"<p>Les plus hautes autorit\u00e9s du pays ont d\u00e9cid\u00e9 d\u2019une comm\u00e9moration sobre, mais digne d\u2019un centenaire, avec de nombreuses activit\u00e9s tout au long de l\u2019ann\u00e9e 2019. Le Pr\u00e9sident du Faso, Roch Marc Christian Kabor\u00e9, a pr\u00e9sid\u00e9 le colloque du centenaire de la cr\u00e9ation de la Haute-Volta, le samedi 9 mars 2019 \u00e0 l\u2019Universit\u00e9 Ouaga I Pr [&hellip;]<\/p>\n","protected":false},"author":1816,"featured_media":0,"comment_status":"closed","ping_status":"closed","sticky":false,"template":"","format":"standard","meta":{"fifu_image_url":"","fifu_image_alt":"","footnotes":""},"categories":[73,81],"tags":[],"class_list":["post-20961","post","type-post","status-publish","format-standard","hentry","category-actualite","category-burkina-faso"],"_links":{"self":[{"href":"https:\/\/linitiative.ca\/International\/wp-json\/wp\/v2\/posts\/20961","targetHints":{"allow":["GET"]}}],"collection":[{"href":"https:\/\/linitiative.ca\/International\/wp-json\/wp\/v2\/posts"}],"about":[{"href":"https:\/\/linitiative.ca\/International\/wp-json\/wp\/v2\/types\/post"}],"author":[{"embeddable":true,"href":"https:\/\/linitiative.ca\/International\/wp-json\/wp\/v2\/users\/1816"}],"replies":[{"embeddable":true,"href":"https:\/\/linitiative.ca\/International\/wp-json\/wp\/v2\/comments?post=20961"}],"version-history":[{"count":0,"href":"https:\/\/linitiative.ca\/International\/wp-json\/wp\/v2\/posts\/20961\/revisions"}],"wp:attachment":[{"href":"https:\/\/linitiative.ca\/International\/wp-json\/wp\/v2\/media?parent=20961"}],"wp:term":[{"taxonomy":"category","embeddable":true,"href":"https:\/\/linitiative.ca\/International\/wp-json\/wp\/v2\/categories?post=20961"},{"taxonomy":"post_tag","embeddable":true,"href":"https:\/\/linitiative.ca\/International\/wp-json\/wp\/v2\/tags?post=20961"}],"curies":[{"name":"wp","href":"https:\/\/api.w.org\/{rel}","templated":true}]}}