{"id":20965,"date":"2019-03-11T12:14:58","date_gmt":"2019-03-11T16:14:58","guid":{"rendered":"https:\/\/linitiative.ca\/International\/tunsie-les-hopitaux-publics-seront-en-greve-le-4-avril-prochain\/"},"modified":"2019-03-11T12:14:58","modified_gmt":"2019-03-11T16:14:58","slug":"tunsie-les-hopitaux-publics-seront-en-greve-le-4-avril-prochain","status":"publish","type":"post","link":"https:\/\/linitiative.ca\/International\/tunsie-les-hopitaux-publics-seront-en-greve-le-4-avril-prochain\/","title":{"rendered":"Tunsie- Les h\u00f4pitaux publics seront en gr\u00e8ve le 4 avril prochain"},"content":{"rendered":"<div class=\"post-cont-in left relative\">\n<div class=\"nc_socialPanel swp_flatFresh swp_d_fullColor swp_i_fullColor swp_o_fullColor scale-100 scale-fullWidth\" data-position=\"none\" data-float=\"floatNone\" data-count=\"5\" data-floatcolor=\"#ffffff\" data-emphasize=\"0\">\n<div class=\"nc_tweetContainer totes totesalt\" data-id=\"6\"><span class=\"swp_count\"><span class=\"swp_label\">Partages<\/span> 33<\/span><\/div>\n<\/div>\n<p>La secr\u00e9taire g\u00e9n\u00e9rale du syndicat g\u00e9n\u00e9ral des m\u00e9decins, pharmaciens et chirurgiens-dentistes de la sant\u00e9 publique, Radhia Bourtia, a indiqu\u00e9 dans une d\u00e9claration accord\u00e9e \u00e0 Shems Fm que les m\u00e9decins des h\u00f4pitaux publics seront en gr\u00e8ve le 4 avril prochain afin de sensibiliser l\u2019opinion publique sur la n\u00e9cessit\u00e9 de\u00a0 sauver le syst\u00e8me sanitaire en Tunisie.<\/p>\n<div class=\"mvp-org-wrap mvp-org-logo\" itemprop=\"publisher\" itemscope=\"\" itemtype=\"https:\/\/schema.org\/Organization\"><img decoding=\"async\" src=\"https:\/\/www.tunisienumerique.com\/wp-content\/uploads\/2017\/02\/logo_tunisie_numerique.png\"\/><\/div>\n<div class=\"nc_socialPanel swp_flatFresh swp_d_fullColor swp_i_fullColor swp_o_fullColor scale-100 scale-fullWidth\" data-position=\"none\" data-float=\"floatNone\" data-count=\"5\" data-floatcolor=\"#ffffff\" data-emphasize=\"0\">\n<div class=\"nc_tweetContainer totes totesalt\" data-id=\"6\"><span class=\"swp_count\"><span class=\"swp_label\">Partages<\/span> 33<\/span><\/div>\n<\/div>\n<div class=\"mvp-related-posts left relative\">\n<h4 class=\"post-header\"><span class=\"post-header\">Lire aussi<\/span><\/h4>\n<\/div>\n<\/div>\n<p>Auteur: Laameri Dorsaf<br \/>\n<a href=\"https:\/\/www.tunisienumerique.com\/tunsie-les-hopitaux-publics-seront-en-greve-le-4-avril-prochain\/\">Cliquez ici pour lire l&rsquo;article depuis sa source.<\/a><\/p>\n","protected":false},"excerpt":{"rendered":"<p>Partages 33 La secr\u00e9taire g\u00e9n\u00e9rale du syndicat g\u00e9n\u00e9ral des m\u00e9decins, pharmaciens et chirurgiens-dentistes de la sant\u00e9 publique, Radhia Bourtia, a indiqu\u00e9 dans une d\u00e9claration accord\u00e9e \u00e0 Shems Fm que les m\u00e9decins des h\u00f4pitaux publics seront en gr\u00e8ve le 4 avril prochain afin de sensibiliser l\u2019opinion publique sur la n\u00e9cessit\u00e9 de\u00a0 sauver le syst\u00e8me sanitaire en [&hellip;]<\/p>\n","protected":false},"author":1789,"featured_media":20969,"comment_status":"closed","ping_status":"closed","sticky":false,"template":"","format":"standard","meta":{"fifu_image_url":"","fifu_image_alt":"","footnotes":""},"categories":[73,55],"tags":[],"class_list":["post-20965","post","type-post","status-publish","format-standard","has-post-thumbnail","hentry","category-actualite","category-tunisie"],"_links":{"self":[{"href":"https:\/\/linitiative.ca\/International\/wp-json\/wp\/v2\/posts\/20965","targetHints":{"allow":["GET"]}}],"collection":[{"href":"https:\/\/linitiative.ca\/International\/wp-json\/wp\/v2\/posts"}],"about":[{"href":"https:\/\/linitiative.ca\/International\/wp-json\/wp\/v2\/types\/post"}],"author":[{"embeddable":true,"href":"https:\/\/linitiative.ca\/International\/wp-json\/wp\/v2\/users\/1789"}],"replies":[{"embeddable":true,"href":"https:\/\/linitiative.ca\/International\/wp-json\/wp\/v2\/comments?post=20965"}],"version-history":[{"count":0,"href":"https:\/\/linitiative.ca\/International\/wp-json\/wp\/v2\/posts\/20965\/revisions"}],"wp:featuredmedia":[{"embeddable":true,"href":"https:\/\/linitiative.ca\/International\/wp-json\/"}],"wp:attachment":[{"href":"https:\/\/linitiative.ca\/International\/wp-json\/wp\/v2\/media?parent=20965"}],"wp:term":[{"taxonomy":"category","embeddable":true,"href":"https:\/\/linitiative.ca\/International\/wp-json\/wp\/v2\/categories?post=20965"},{"taxonomy":"post_tag","embeddable":true,"href":"https:\/\/linitiative.ca\/International\/wp-json\/wp\/v2\/tags?post=20965"}],"curies":[{"name":"wp","href":"https:\/\/api.w.org\/{rel}","templated":true}]}}