{"id":20975,"date":"2019-03-11T05:20:00","date_gmt":"2019-03-11T09:20:00","guid":{"rendered":"https:\/\/linitiative.ca\/International\/rreforme-du-bachelor-bientot-une-journee-nationale-avec-tous-les-intervenants\/"},"modified":"2019-03-11T05:20:00","modified_gmt":"2019-03-11T09:20:00","slug":"rreforme-du-bachelor-bientot-une-journee-nationale-avec-tous-les-intervenants","status":"publish","type":"post","link":"https:\/\/linitiative.ca\/International\/rreforme-du-bachelor-bientot-une-journee-nationale-avec-tous-les-intervenants\/","title":{"rendered":"Rr\u00e9forme du bachelor: bient\u00f4t une journ\u00e9e nationale avec tous les intervenants"},"content":{"rendered":"<p class=\"rtejustify\">Dans quelques jours, une journ\u00e9e nationale, impliquant tous les intervenants du syst\u00e8me d\u2019enseignement sup\u00e9rieur, y compris les repr\u00e9sentants des enseignants, sera organis\u00e9e. L\u2019objectif est de d\u00e9tailler la r\u00e9forme du bachelor, de sortir avec des recommandations et de fixer, in fine, une vision b\u00e9n\u00e9ficiant du consensus de toutes les parties prenantes.<\/p>\n<p><em>A.Na\u00a0\u00a0 \u00a0<\/em><\/p>\n<p>Auteur: hlafriqi<br \/>\n<a href=\"https:\/\/www.leconomiste.com\/article\/1041880-bientot-une-journee-nationale-avec-tous-les-intervenants\">Cliquez ici pour lire l&rsquo;article depuis sa source.<\/a><\/p>\n","protected":false},"excerpt":{"rendered":"<p>Dans quelques jours, une journ\u00e9e nationale, impliquant tous les intervenants du syst\u00e8me d\u2019enseignement sup\u00e9rieur, y compris les repr\u00e9sentants des enseignants, sera organis\u00e9e. L\u2019objectif est de d\u00e9tailler la r\u00e9forme du bachelor, de sortir avec des recommandations et de fixer, in fine, une vision b\u00e9n\u00e9ficiant du consensus de toutes les parties prenantes. A.Na\u00a0\u00a0 \u00a0 Auteur: hlafriqi Cliquez [&hellip;]<\/p>\n","protected":false},"author":1763,"featured_media":0,"comment_status":"closed","ping_status":"closed","sticky":false,"template":"","format":"standard","meta":{"fifu_image_url":"","fifu_image_alt":"","footnotes":""},"categories":[78,54],"tags":[],"class_list":["post-20975","post","type-post","status-publish","format-standard","hentry","category-economie","category-maroc"],"_links":{"self":[{"href":"https:\/\/linitiative.ca\/International\/wp-json\/wp\/v2\/posts\/20975","targetHints":{"allow":["GET"]}}],"collection":[{"href":"https:\/\/linitiative.ca\/International\/wp-json\/wp\/v2\/posts"}],"about":[{"href":"https:\/\/linitiative.ca\/International\/wp-json\/wp\/v2\/types\/post"}],"author":[{"embeddable":true,"href":"https:\/\/linitiative.ca\/International\/wp-json\/wp\/v2\/users\/1763"}],"replies":[{"embeddable":true,"href":"https:\/\/linitiative.ca\/International\/wp-json\/wp\/v2\/comments?post=20975"}],"version-history":[{"count":0,"href":"https:\/\/linitiative.ca\/International\/wp-json\/wp\/v2\/posts\/20975\/revisions"}],"wp:attachment":[{"href":"https:\/\/linitiative.ca\/International\/wp-json\/wp\/v2\/media?parent=20975"}],"wp:term":[{"taxonomy":"category","embeddable":true,"href":"https:\/\/linitiative.ca\/International\/wp-json\/wp\/v2\/categories?post=20975"},{"taxonomy":"post_tag","embeddable":true,"href":"https:\/\/linitiative.ca\/International\/wp-json\/wp\/v2\/tags?post=20975"}],"curies":[{"name":"wp","href":"https:\/\/api.w.org\/{rel}","templated":true}]}}