{"id":20976,"date":"2019-03-11T14:30:53","date_gmt":"2019-03-11T18:30:53","guid":{"rendered":"https:\/\/linitiative.ca\/International\/affaire-kanis-inoussa-kanazoe-reste-serein\/"},"modified":"2019-03-11T14:30:53","modified_gmt":"2019-03-11T18:30:53","slug":"affaire-kanis-inoussa-kanazoe-reste-serein","status":"publish","type":"post","link":"https:\/\/linitiative.ca\/International\/affaire-kanis-inoussa-kanazoe-reste-serein\/","title":{"rendered":"AFFAIRE KANIS :  Inoussa Kanazo\u00e9 reste serein"},"content":{"rendered":"<p><img decoding=\"async\" class=\"post_layout_5_img\" src=\"http:\/\/lepays.bf\/wp-content\/uploads\/2019\/03\/01-6-1.jpg\" alt=\"AFFAIRE KANIS : Inoussa Kanazo\u00e9 reste serein\"\/><\/p>\n<p><strong>Dans le point de vue ci-dessous parvenu \u00e0 notre r\u00e9daction, l\u2019auteur revient sur \u00ab\u00a0l\u2019infirmation du non-lieu\u00a0\u00bb prononc\u00e9e en faveur de son client. Selon lui, l\u2019espoir est permis de voir la d\u00e9cision de la chambre d\u2019accusation \u00eatre annul\u00e9e en cassation. Lisez\u00a0!<\/strong><\/p>\n<p class=\"c4\"><em>Contrairement \u00e0 une certaine opinion qui affectionne l\u2019\u00e9motionnel et le sensationnel plut\u00f4t que la recherche de l\u2019information juste et cr\u00e9dible, nous nous sommes fait le devoir de chercher \u00e0 comprendre ce qui s\u2019est pass\u00e9 \u00e0 la Chambre d\u2019accusation de la Cour d\u2019appel de Ouagadougou relativement au dossier de l\u2019 \u00ab affaire KANIS \u00bb.<\/em><\/p>\n<p class=\"c4\"><em>A ce propos, la d\u00e9cision du juge d\u2019instruction du Tribunal de grande instance de Ouagadougou qui avait accord\u00e9 le non-lieu partiel n\u2019a point vol\u00e9 en \u00e9clats, car elle n\u2019a pas \u00e9t\u00e9 annul\u00e9e mais infirm\u00e9e et m\u00eame l\u00e0 aussi, partiellement.<\/em><\/p>\n<p class=\"c4\"><em>La chambre d\u2019accusation a m\u00eame \u00e9largi le champ de ce non-lieu en le pronon\u00e7ant totalement au profit de la soci\u00e9t\u00e9 CIMFASO SA, de la soci\u00e9t\u00e9 ADEFA Sarl, et partiellement au profit de Kabor\u00e9 Inoussa, Kabor\u00e9 Herman.<\/em><\/p>\n<p class=\"c4\"><em>A noter qu\u2019au d\u00e9part, les poursuites ont \u00e9t\u00e9 fond\u00e9es sur 7 chefs d\u2019inculpation mais \u00e0 ce jour, il n\u2019en reste que deux sous r\u00e9serve de la proc\u00e9dure de cassation en cours.<\/em><\/p>\n<p class=\"c4\"><em>Du reste, apr\u00e8s v\u00e9rification, un pourvoi en cassation a \u00e9t\u00e9 imm\u00e9diatement introduit contre la d\u00e9cision de la chambre d\u2019accusation et il est \u00e9tabli que dans ces circonstances, ladite d\u00e9cision se trouve, d\u00e8s lors, priv\u00e9e d\u2019effet (ex\u00e9cution suspendue) dans l\u2019attente de la d\u00e9cision de la Cour de cassation.<\/em><\/p>\n<p class=\"c4\"><em>Aussi, et de sources proches du dossier, il y a une quasi-certitude de voir la d\u00e9cision cass\u00e9e et annul\u00e9e par la Cour de cassation au regard des moyens s\u00e9rieux de cassation \u00e0 laquelle cette d\u00e9cision s\u2019est expos\u00e9e.<\/em><\/p>\n<p class=\"c4\"><em>Au passage, il nous revient qu\u2019apr\u00e8s examen du rapport d\u2019expertise qui a servi de base aux poursuites, l\u2019expert a con\u00e7u son rapport sur des pi\u00e8ces douteuses sinon fausses obtenues par des m\u00e9thodes suspectes.<\/em><\/p>\n<p class=\"c4\"><em>Que dire de l\u2019incapacit\u00e9 \u00e0 faire une simple addition de nombres comme cela se d\u00e9gage de l\u2019annexe 1 du rapport d\u2019expertise figurant dans Le journal Reporter N\u00b0257 \u00e0 la page 5 et qu\u2019il est loisible pour toute personne \u00e9prise de v\u00e9rit\u00e9 de le v\u00e9rifier tant ledit rapport et bien plus sont sur la place publique.<\/em><\/p>\n<p class=\"c4\"><em>De la premi\u00e8re colonne \u00e0 la derni\u00e8re colonne en passant par les totaux, tout est carr\u00e9ment fauss\u00e9 \u00e0 tel point qu\u2019on se demande quel type d\u2019expertise cela vaut-il ? Quoi de plus \u00e9tonnant encore, \u00a0vu que le cabinet en question ayant eu la charge de l\u2019expertise n\u2019est pas asserment\u00e9 par la Justice\u00a0?<\/em><\/p>\n<p class=\"c4\"><em>Enfin, approch\u00e9s pour nous enqu\u00e9rir de l\u2019incidence de la d\u00e9cision de la Chambre d\u2019accusation sur le bon fonctionnement de leurs activit\u00e9s, les responsables du \u00ab Groupe Kanis \u00bb nous ont rassur\u00e9s \u00eatre tr\u00e8s sereins quant \u00e0 l\u2019issue heureuse de cette proc\u00e9dure et vaquent paisiblement \u00e0 leurs occupations quotidiennes pour le bonheur de leurs clients et de l\u2019\u00e9conomie nationale.<\/em><\/p>\n<p><strong>Jean CONSEIGA<\/strong><\/p>\n<p>Auteur: Le Pays<br \/>\n<a href=\"http:\/\/lepays.bf\/affaire-kanis-inoussa-kanazoe-reste-serein\/\">Cliquez ici pour lire l&rsquo;article depuis sa source.<\/a><\/p>\n","protected":false},"excerpt":{"rendered":"<p>Dans le point de vue ci-dessous parvenu \u00e0 notre r\u00e9daction, l\u2019auteur revient sur \u00ab\u00a0l\u2019infirmation du non-lieu\u00a0\u00bb prononc\u00e9e en faveur de son client. Selon lui, l\u2019espoir est permis de voir la d\u00e9cision de la chambre d\u2019accusation \u00eatre annul\u00e9e en cassation. Lisez\u00a0! Contrairement \u00e0 une certaine opinion qui affectionne l\u2019\u00e9motionnel et le sensationnel plut\u00f4t que la recherche [&hellip;]<\/p>\n","protected":false},"author":1813,"featured_media":20980,"comment_status":"closed","ping_status":"closed","sticky":false,"template":"","format":"standard","meta":{"fifu_image_url":"","fifu_image_alt":"","footnotes":""},"categories":[73,81],"tags":[],"class_list":["post-20976","post","type-post","status-publish","format-standard","has-post-thumbnail","hentry","category-actualite","category-burkina-faso"],"_links":{"self":[{"href":"https:\/\/linitiative.ca\/International\/wp-json\/wp\/v2\/posts\/20976","targetHints":{"allow":["GET"]}}],"collection":[{"href":"https:\/\/linitiative.ca\/International\/wp-json\/wp\/v2\/posts"}],"about":[{"href":"https:\/\/linitiative.ca\/International\/wp-json\/wp\/v2\/types\/post"}],"author":[{"embeddable":true,"href":"https:\/\/linitiative.ca\/International\/wp-json\/wp\/v2\/users\/1813"}],"replies":[{"embeddable":true,"href":"https:\/\/linitiative.ca\/International\/wp-json\/wp\/v2\/comments?post=20976"}],"version-history":[{"count":0,"href":"https:\/\/linitiative.ca\/International\/wp-json\/wp\/v2\/posts\/20976\/revisions"}],"wp:featuredmedia":[{"embeddable":true,"href":"https:\/\/linitiative.ca\/International\/wp-json\/"}],"wp:attachment":[{"href":"https:\/\/linitiative.ca\/International\/wp-json\/wp\/v2\/media?parent=20976"}],"wp:term":[{"taxonomy":"category","embeddable":true,"href":"https:\/\/linitiative.ca\/International\/wp-json\/wp\/v2\/categories?post=20976"},{"taxonomy":"post_tag","embeddable":true,"href":"https:\/\/linitiative.ca\/International\/wp-json\/wp\/v2\/tags?post=20976"}],"curies":[{"name":"wp","href":"https:\/\/api.w.org\/{rel}","templated":true}]}}