{"id":20977,"date":"2019-03-11T12:21:52","date_gmt":"2019-03-11T16:21:52","guid":{"rendered":"https:\/\/linitiative.ca\/International\/il-fait-lactu-mohamed-laaraj-ministre-de-la-culture-et-de-la-communication\/"},"modified":"2019-03-11T12:21:52","modified_gmt":"2019-03-11T16:21:52","slug":"il-fait-lactu-mohamed-laaraj-ministre-de-la-culture-et-de-la-communication","status":"publish","type":"post","link":"https:\/\/linitiative.ca\/International\/il-fait-lactu-mohamed-laaraj-ministre-de-la-culture-et-de-la-communication\/","title":{"rendered":"Il fait l\u2019actu : Mohamed La\u00e2raj, ministre de la Culture et de la Communication"},"content":{"rendered":"<p>Le ministre de la Culture et de la communication, <strong>Mohamed La\u00e2raj<\/strong>, a appel\u00e9, lundi \u00e0 Rabat, \u00e0 la mise en \u0153uvre de la loi relative aux contrats de partenariat public-priv\u00e9 dans l\u2019optique de promouvoir et revigorer l\u2019investissement dans le secteur de la presse \u00e9lectronique.<\/p>\n<div class=\"c10\"\/>\n<p>Le minist\u00e8re travaille dans le sens de la mise en place d\u2019un fonds d\u2019appui \u00e0 la lecture, de concert avec le minist\u00e8re de l\u2019\u00c9conomie et des finances, a pr\u00e9cis\u00e9 La\u00e2raj qui \u00e9tait l\u2019invit\u00e9 du Forum de la MAP plac\u00e9e sous le th\u00e8me \u00ab\u00a0la <strong>presse<\/strong> marocaine face au d\u00e9fi du num\u00e9rique\u00a0\u00bb.<\/p>\n<p>Il a \u00e0 cet \u00e9gard indiqu\u00e9 que son d\u00e9partement \u0153uvre pour mener \u00e0 bien le chantier du Code de la presse \u00e9lectronique en vue d\u2019en faire un cadre l\u00e9gal en phase avec les d\u00e9fis et les nouveaut\u00e9s en la mati\u00e8re, faisant observer qu&rsquo;\u00a0\u00bb\u00e0 ce jour, 314 journaux \u00e9lectroniques se sont conform\u00e9s aux dispositions du Code sur plus de 850 d\u00e9clarations aupr\u00e8s du minist\u00e8re public\u00a0\u00bb.<\/p>\n<p>Le ministre a en outre affirm\u00e9 que l\u2019instauration de dispositions l\u00e9gales r\u00e9gissant l\u2019entreprise de presse num\u00e9rique demeure l\u2019un des points cl\u00e9s dans l\u2019encadrement juridique de ce domaine, sans oublier les aspects li\u00e9s \u00e0 la propri\u00e9t\u00e9 intellectuelle au regard des mutations survenues en mati\u00e8re des droits de reproduction entre autres.<\/p>\n<p>Au-del\u00e0 des d\u00e9fis d\u2019ordre juridique, a-t-il fait observer, l\u2019accent doit \u00eatre mis sur le pari \u00e9conomique auquel est confront\u00e9 la presse \u00e9lectronique, en particulier la faible taille des entreprises de presse en g\u00e9n\u00e9ral. Sous cet angle, La\u00e2raj a insist\u00e9 sur la n\u00e9cessit\u00e9 de se tourner davantage vers le professionnalisme et de favoriser l\u2019investissement d\u2019acteurs de premier ordre dans ce domaine.<\/p>\n<p>Il a d\u2019autre part mis l\u2019accent sur le chantier de cr\u00e9ation d\u2019un Fonds national pour le d\u00e9veloppement de la presse \u00e9lectronique, en tant qu\u2019initiative destin\u00e9e \u00e0 promouvoir le partenariat public-priv\u00e9 dans ce domaine, tout en appelant \u00e0 la promulgation de lois fiscales incitatives pour le secteur.<\/p>\n<p>Le responsable s\u2019est \u00e9galement attard\u00e9 sur les d\u00e9fis d\u2019ordre culturel auxquels fait face la presse \u00e9lectronique, soulignant \u00e0 cet \u00e9gard l\u2019importance de d\u00e9velopper le <strong>contenu num\u00e9rique<\/strong> et de s\u2019engager en faveur du respect de l\u2019\u00e9thique et de la d\u00e9ontologie professionnelles en faisant preuve de transparence, de protection des droits de propri\u00e9t\u00e9 intellectuelle et de promotion de la qualit\u00e9 du contenu en vue de mettre en place un journalisme professionnel, responsable et libre. Parmi ces d\u00e9fis figurent aussi ceux li\u00e9s \u00e0 la formation acad\u00e9mique et continue dans le domaine du journalisme et des m\u00e9dias, a-t-il indiqu\u00e9, relevant que son d\u00e9partement dispose d\u2019une vision bas\u00e9e sur la mise en place d\u2019un Institut sup\u00e9rieur pour les \u00e9tudes strat\u00e9giques dans le domaine de la presse \u00e9lectronique. Cette structure aura pour vocation de d\u00e9velopper les m\u00e9thodes p\u00e9dagogiques et de promouvoir l\u2019exercice d\u2019une presse sp\u00e9cialis\u00e9e et professionnelle.<\/p>\n<p>Le ministre a \u00e9galement fait observer que le minist\u00e8re \u0153uvre pour la r\u00e9vision des dispositions de la loi de l\u2019audiovisuel afin d\u2019accompagner les d\u00e9fis li\u00e9s au domaine de l\u2019information en g\u00e9n\u00e9ral et du num\u00e9rique en particulier, notant que parmi les nouveaut\u00e9s dans ce projet figurent la cr\u00e9ation d\u2019un observatoire des services m\u00e9diatiques et le renforcement de la d\u00e9ontologie de la profession.<\/p>\n<p>Il a par ailleurs plaid\u00e9 en faveur de l\u2019\u00e9laboration d\u2019une strat\u00e9gie nationale pour la mise \u00e0 niveau de la presse en partenariat avec tous les secteurs concern\u00e9s, ainsi que pour la r\u00e9vision du cadre juridique r\u00e9gissant le secteur.<\/p>\n<div class=\"c17\">\n<fieldset class=\"c16\">\n<legend><strong><span class=\"c11\">Challenge<\/span><span class=\"c12\">news<\/span><\/strong><\/legend>\n<div class=\"c15\">Le meilleur de la r\u00e9daction s\u00e9lectionn\u00e9 par Challenge :<\/p>\n<\/div>\n<\/fieldset>\n<\/div>\n<p>Auteur: challenge<br \/>\n<a href=\"https:\/\/www.challenge.ma\/il-fait-lactu-mohamed-laaraj-ministre-de-la-culture-et-de-la-communication-105918\/\">Cliquez ici pour lire l&rsquo;article depuis sa source.<\/a><\/p>\n","protected":false},"excerpt":{"rendered":"<p>Le ministre de la Culture et de la communication, Mohamed La\u00e2raj, a appel\u00e9, lundi \u00e0 Rabat, \u00e0 la mise en \u0153uvre de la loi relative aux contrats de partenariat public-priv\u00e9 dans l\u2019optique de promouvoir et revigorer l\u2019investissement dans le secteur de la presse \u00e9lectronique. Le minist\u00e8re travaille dans le sens de la mise en place [&hellip;]<\/p>\n","protected":false},"author":1787,"featured_media":0,"comment_status":"closed","ping_status":"closed","sticky":false,"template":"","format":"standard","meta":{"fifu_image_url":"","fifu_image_alt":"","footnotes":""},"categories":[78,54],"tags":[],"class_list":["post-20977","post","type-post","status-publish","format-standard","hentry","category-economie","category-maroc"],"_links":{"self":[{"href":"https:\/\/linitiative.ca\/International\/wp-json\/wp\/v2\/posts\/20977","targetHints":{"allow":["GET"]}}],"collection":[{"href":"https:\/\/linitiative.ca\/International\/wp-json\/wp\/v2\/posts"}],"about":[{"href":"https:\/\/linitiative.ca\/International\/wp-json\/wp\/v2\/types\/post"}],"author":[{"embeddable":true,"href":"https:\/\/linitiative.ca\/International\/wp-json\/wp\/v2\/users\/1787"}],"replies":[{"embeddable":true,"href":"https:\/\/linitiative.ca\/International\/wp-json\/wp\/v2\/comments?post=20977"}],"version-history":[{"count":0,"href":"https:\/\/linitiative.ca\/International\/wp-json\/wp\/v2\/posts\/20977\/revisions"}],"wp:attachment":[{"href":"https:\/\/linitiative.ca\/International\/wp-json\/wp\/v2\/media?parent=20977"}],"wp:term":[{"taxonomy":"category","embeddable":true,"href":"https:\/\/linitiative.ca\/International\/wp-json\/wp\/v2\/categories?post=20977"},{"taxonomy":"post_tag","embeddable":true,"href":"https:\/\/linitiative.ca\/International\/wp-json\/wp\/v2\/tags?post=20977"}],"curies":[{"name":"wp","href":"https:\/\/api.w.org\/{rel}","templated":true}]}}