{"id":20978,"date":"2019-03-11T12:44:42","date_gmt":"2019-03-11T16:44:42","guid":{"rendered":"https:\/\/linitiative.ca\/International\/tunisie-120-000-etudiants-nont-pas-passe-dexamens-et-lannee-blanche-plus-menacante-que-jamais\/"},"modified":"2019-03-11T12:44:42","modified_gmt":"2019-03-11T16:44:42","slug":"tunisie-120-000-etudiants-nont-pas-passe-dexamens-et-lannee-blanche-plus-menacante-que-jamais","status":"publish","type":"post","link":"https:\/\/linitiative.ca\/International\/tunisie-120-000-etudiants-nont-pas-passe-dexamens-et-lannee-blanche-plus-menacante-que-jamais\/","title":{"rendered":"Tunisie \u2013 120\u00a0000 \u00e9tudiants n\u2019ont pas pass\u00e9 d\u2019examens, et l\u2019ann\u00e9e blanche plus mena\u00e7ante que jamais"},"content":{"rendered":"<div class=\"post-cont-in left relative\">\n<div class=\"nc_socialPanel swp_flatFresh swp_d_fullColor swp_i_fullColor swp_o_fullColor scale-100 scale-fullWidth\" data-position=\"none\" data-float=\"floatNone\" data-count=\"5\" data-floatcolor=\"#ffffff\" data-emphasize=\"0\">\n<div class=\"nc_tweetContainer totes totesalt\" data-id=\"6\"><span class=\"swp_count\"><span class=\"swp_label\">Partages<\/span> 6<\/span><\/div>\n<\/div>\n<p>Le membre du bureau du syndicat des enseignants universitaires et chercheurs \u00ab\u00a0IJEBA\u00a0\u00bb, Abdelkader Bouslama, a annonc\u00e9, ce jour que les pourparlers avec le minist\u00e8re de tutelle sont \u00e0 l\u2019arr\u00eat, depuis le fin du mois d\u2019octobre 2018,et que de ce fait, les \u00e9tudiants n\u2019ont pas pass\u00e9 leurs examens de fin du premier semestre, ce qui laisse planer, plus que jamais, la menace d\u2019une ann\u00e9e universitaire blanche. Bouslama a assur\u00e9 que le minist\u00e8re de l\u2019enseignement sup\u00e9rieur endosse la responsabilit\u00e9 enti\u00e8re de cette impasse.<\/p>\n<p>Bouslama a, n\u00e9anmoins, laiss\u00e9 entendre que le rep\u00eachage de l\u2019ann\u00e9e universitaire demeure possible, si le minist\u00e8re r\u00e9pond favorablement, et rapidement, aux revendications des enseignants, et la mise en \u0153uvre des accords obtenus avec les enseignants en fin de l\u2019ann\u00e9e derni\u00e8re.<\/p>\n<div class=\"code-block code-block-1 c3\"><ins class=\"adsbygoogle c2\" data-ad-layout=\"in-article\" data-ad-format=\"fluid\" data-ad-client=\"ca-pub-2102118777505746\" data-ad-slot=\"7301775417\"\/> <\/div>\n<p>De son c\u00f4t\u00e9, le responsable de la communication au sein du minist\u00e8re a assur\u00e9 que l\u2019autorit\u00e9 de tutelle ne s\u2019est nullement r\u00e9tract\u00e9e sur les accords en question, mais qu\u2019il ne demeure qu\u2019un l\u00e9ger d\u00e9saccord avec les enseignants, en rapport avec le retard enregistr\u00e9 dans la mise en \u0153uvre d\u2019un seul point. Le responsable a ajout\u00e9 qu\u2019il est inacceptable de prendre les \u00e9tudiants en otage, et de compromettre l\u2019ann\u00e9e universitaire, pr\u00e9cisant que le minist\u00e8re prendra les dispositions qu\u2019il faut pour qu\u2019il n\u2019y ait pas d\u2019ann\u00e9e blanche.<\/p>\n<div class=\"mvp-org-wrap mvp-org-logo\" itemprop=\"publisher\" itemscope=\"\" itemtype=\"https:\/\/schema.org\/Organization\"><img decoding=\"async\" src=\"https:\/\/www.tunisienumerique.com\/wp-content\/uploads\/2017\/02\/logo_tunisie_numerique.png\"\/><\/div>\n<div class=\"nc_socialPanel swp_flatFresh swp_d_fullColor swp_i_fullColor swp_o_fullColor scale-100 scale-fullWidth\" data-position=\"none\" data-float=\"floatNone\" data-count=\"5\" data-floatcolor=\"#ffffff\" data-emphasize=\"0\">\n<div class=\"nc_tweetContainer totes totesalt\" data-id=\"6\"><span class=\"swp_count\"><span class=\"swp_label\">Partages<\/span> 6<\/span><\/div>\n<\/div>\n<div class=\"mvp-related-posts left relative\">\n<h4 class=\"post-header\"><span class=\"post-header\">Lire aussi<\/span><\/h4>\n<\/div>\n<\/div>\n<p>Auteur: LM<br \/>\n<a href=\"https:\/\/www.tunisienumerique.com\/tunisie-120-000-etudiants-nont-pas-passe-dexamens-et-lannee-blanche-plus-menacante-que-jamais\/\">Cliquez ici pour lire l&rsquo;article depuis sa source.<\/a><\/p>\n","protected":false},"excerpt":{"rendered":"<p>Partages 6 Le membre du bureau du syndicat des enseignants universitaires et chercheurs \u00ab\u00a0IJEBA\u00a0\u00bb, Abdelkader Bouslama, a annonc\u00e9, ce jour que les pourparlers avec le minist\u00e8re de tutelle sont \u00e0 l\u2019arr\u00eat, depuis le fin du mois d\u2019octobre 2018,et que de ce fait, les \u00e9tudiants n\u2019ont pas pass\u00e9 leurs examens de fin du premier semestre, ce [&hellip;]<\/p>\n","protected":false},"author":1789,"featured_media":20981,"comment_status":"closed","ping_status":"closed","sticky":false,"template":"","format":"standard","meta":{"fifu_image_url":"","fifu_image_alt":"","footnotes":""},"categories":[73,55],"tags":[],"class_list":["post-20978","post","type-post","status-publish","format-standard","has-post-thumbnail","hentry","category-actualite","category-tunisie"],"_links":{"self":[{"href":"https:\/\/linitiative.ca\/International\/wp-json\/wp\/v2\/posts\/20978","targetHints":{"allow":["GET"]}}],"collection":[{"href":"https:\/\/linitiative.ca\/International\/wp-json\/wp\/v2\/posts"}],"about":[{"href":"https:\/\/linitiative.ca\/International\/wp-json\/wp\/v2\/types\/post"}],"author":[{"embeddable":true,"href":"https:\/\/linitiative.ca\/International\/wp-json\/wp\/v2\/users\/1789"}],"replies":[{"embeddable":true,"href":"https:\/\/linitiative.ca\/International\/wp-json\/wp\/v2\/comments?post=20978"}],"version-history":[{"count":0,"href":"https:\/\/linitiative.ca\/International\/wp-json\/wp\/v2\/posts\/20978\/revisions"}],"wp:featuredmedia":[{"embeddable":true,"href":"https:\/\/linitiative.ca\/International\/wp-json\/"}],"wp:attachment":[{"href":"https:\/\/linitiative.ca\/International\/wp-json\/wp\/v2\/media?parent=20978"}],"wp:term":[{"taxonomy":"category","embeddable":true,"href":"https:\/\/linitiative.ca\/International\/wp-json\/wp\/v2\/categories?post=20978"},{"taxonomy":"post_tag","embeddable":true,"href":"https:\/\/linitiative.ca\/International\/wp-json\/wp\/v2\/tags?post=20978"}],"curies":[{"name":"wp","href":"https:\/\/api.w.org\/{rel}","templated":true}]}}