{"id":20983,"date":"2019-03-11T05:20:00","date_gmt":"2019-03-11T09:20:00","guid":{"rendered":"https:\/\/linitiative.ca\/International\/la-reforme-du-bachelor-presentee-aux-doyens-des-facultes\/"},"modified":"2019-03-11T05:20:00","modified_gmt":"2019-03-11T09:20:00","slug":"la-reforme-du-bachelor-presentee-aux-doyens-des-facultes","status":"publish","type":"post","link":"https:\/\/linitiative.ca\/International\/la-reforme-du-bachelor-presentee-aux-doyens-des-facultes\/","title":{"rendered":"La r\u00e9forme du bachelor pr\u00e9sent\u00e9e aux doyens des facult\u00e9s"},"content":{"rendered":"<p class=\"rtejustify\">Une nouvelle r\u00e9union des pr\u00e9sidents d\u2019universit\u00e9s, pr\u00e9sid\u00e9e par le ministre de l\u2019Education nationale, Saa\u00efd Amzazi, s\u2019est tenue mercredi dernier \u00e0 El Jadida. Lors de cette rencontre, la r\u00e9forme rempla\u00e7ant la licence de 3 ans par un bachelor sur 4 ans a \u00e9t\u00e9 pr\u00e9sent\u00e9e aux r\u00e9seaux des facult\u00e9s des sciences, de lettres et de droit. Etant les principales concern\u00e9es par la r\u00e9forme, elles ont \u00e9t\u00e9 inform\u00e9es des d\u00e9tails de la nouvelle vision. Les facult\u00e9s ont, \u00e9galement, livr\u00e9 leur feedback par rapport aux moyens logistiques permettant sa r\u00e9ussite.<\/p>\n<p class=\"rtejustify\"><em>A.Na<\/em><\/p>\n<p class=\"rtejustify\">\u00a0<\/p>\n<p>Auteur: hlafriqi<br \/>\n<a href=\"https:\/\/www.leconomiste.com\/article\/1041879-la-reforme-du-bachelor-presentee-aux-doyens-des-facultes\">Cliquez ici pour lire l&rsquo;article depuis sa source.<\/a><\/p>\n","protected":false},"excerpt":{"rendered":"<p>Une nouvelle r\u00e9union des pr\u00e9sidents d\u2019universit\u00e9s, pr\u00e9sid\u00e9e par le ministre de l\u2019Education nationale, Saa\u00efd Amzazi, s\u2019est tenue mercredi dernier \u00e0 El Jadida. Lors de cette rencontre, la r\u00e9forme rempla\u00e7ant la licence de 3 ans par un bachelor sur 4 ans a \u00e9t\u00e9 pr\u00e9sent\u00e9e aux r\u00e9seaux des facult\u00e9s des sciences, de lettres et de droit. Etant [&hellip;]<\/p>\n","protected":false},"author":1763,"featured_media":0,"comment_status":"closed","ping_status":"closed","sticky":false,"template":"","format":"standard","meta":{"fifu_image_url":"","fifu_image_alt":"","footnotes":""},"categories":[78,54],"tags":[],"class_list":["post-20983","post","type-post","status-publish","format-standard","hentry","category-economie","category-maroc"],"_links":{"self":[{"href":"https:\/\/linitiative.ca\/International\/wp-json\/wp\/v2\/posts\/20983","targetHints":{"allow":["GET"]}}],"collection":[{"href":"https:\/\/linitiative.ca\/International\/wp-json\/wp\/v2\/posts"}],"about":[{"href":"https:\/\/linitiative.ca\/International\/wp-json\/wp\/v2\/types\/post"}],"author":[{"embeddable":true,"href":"https:\/\/linitiative.ca\/International\/wp-json\/wp\/v2\/users\/1763"}],"replies":[{"embeddable":true,"href":"https:\/\/linitiative.ca\/International\/wp-json\/wp\/v2\/comments?post=20983"}],"version-history":[{"count":0,"href":"https:\/\/linitiative.ca\/International\/wp-json\/wp\/v2\/posts\/20983\/revisions"}],"wp:attachment":[{"href":"https:\/\/linitiative.ca\/International\/wp-json\/wp\/v2\/media?parent=20983"}],"wp:term":[{"taxonomy":"category","embeddable":true,"href":"https:\/\/linitiative.ca\/International\/wp-json\/wp\/v2\/categories?post=20983"},{"taxonomy":"post_tag","embeddable":true,"href":"https:\/\/linitiative.ca\/International\/wp-json\/wp\/v2\/tags?post=20983"}],"curies":[{"name":"wp","href":"https:\/\/api.w.org\/{rel}","templated":true}]}}