{"id":20993,"date":"2019-03-11T12:53:59","date_gmt":"2019-03-11T16:53:59","guid":{"rendered":"https:\/\/linitiative.ca\/International\/la-chaine-tele-irlandaise-rte-consacre-une-programmation-au-maroc\/"},"modified":"2019-03-11T12:53:59","modified_gmt":"2019-03-11T16:53:59","slug":"la-chaine-tele-irlandaise-rte-consacre-une-programmation-au-maroc","status":"publish","type":"post","link":"https:\/\/linitiative.ca\/International\/la-chaine-tele-irlandaise-rte-consacre-une-programmation-au-maroc\/","title":{"rendered":"La cha\u00eene t\u00e9l\u00e9 irlandaise RTE consacre une programmation au Maroc"},"content":{"rendered":"<p>La premi\u00e8re cha\u00eene de t\u00e9l\u00e9vision irlandaise (RTE) consacrera, \u00e0 partir de ce jeudi, une programmation au Maroc dans le cadre de sa nouvelle \u00e9mission \u00abCelebrity Globetrotter\u00bb d\u00e9di\u00e9e au voyage.<\/p>\n<div class=\"c10\"\/>\n<p>Dans le spot pr\u00e9sentant l\u2019\u00e9mission, qui sera diffus\u00e9e en six \u00e9pisodes en prime time, la cha\u00eene montre des paysages splendides du Royaume et ses atouts naturels, ainsi que diff\u00e9rents sites historiques et touristiques, en d\u00e9valant les montagnes de l\u2019Atlas jusqu\u2019\u00e0 la c\u00f4te de Casablanca, en passant par Rabat, Chefchaouen, F\u00e8s, Volubilis, Taza, Sal\u00e9 et des villages berb\u00e8res.<\/p>\n<p>Le concept de l\u2019\u00e9mission consiste \u00e0 emmener six personnalit\u00e9s irlandaises de diff\u00e9rents horizons \u00e0 la d\u00e9couverte du Maroc. Une fois sur place, ils joueront eux m\u00eame le r\u00f4le de guides pour montrer aux t\u00e9l\u00e9spectateurs les diff\u00e9rents sites \u00e0 visiter. Ils peuvent aussi le faire sur le terrain en emmenant d\u2019autres voyageurs sur les itin\u00e9raires qu\u2019ils ont visit\u00e9s et appr\u00e9ci\u00e9s.<\/p>\n<p>Participent \u00e0 cette \u00e9mission Dana Rosemary Scallon, ancienne d\u00e9put\u00e9e europ\u00e9enne, l\u2019\u00e9crivaine et journaliste Victoria Mary Clarke, le chanteur Derek Burke, la com\u00e9dienne Alison Spittle et l\u2019athl\u00e8te olympique et vainqueur de l\u2019\u00e9mission MasterChef, David Gillick.<\/p>\n<p>Tout au long des six \u00e9missions programm\u00e9es durant le mois de mars, ces c\u00e9l\u00e9brit\u00e9s se baladeront dans les souks, d\u00e9gusteront la cuisine marocaine traditionnelle et participeront aux diff\u00e9rentes activit\u00e9s de divertissement local.<\/p>\n<div class=\"c17\">\n<fieldset class=\"c16\">\n<legend><strong><span class=\"c11\">Challenge<\/span><span class=\"c12\">news<\/span><\/strong><\/legend>\n<div class=\"c15\">Le meilleur de la r\u00e9daction s\u00e9lectionn\u00e9 par Challenge :<\/p>\n<\/div>\n<\/fieldset>\n<\/div>\n<p>Auteur: challenge<br \/>\n<a href=\"https:\/\/www.challenge.ma\/la-chaine-tele-irlandaise-rte-consacre-une-programmation-au-maroc-105924\/\">Cliquez ici pour lire l&rsquo;article depuis sa source.<\/a><\/p>\n","protected":false},"excerpt":{"rendered":"<p>La premi\u00e8re cha\u00eene de t\u00e9l\u00e9vision irlandaise (RTE) consacrera, \u00e0 partir de ce jeudi, une programmation au Maroc dans le cadre de sa nouvelle \u00e9mission \u00abCelebrity Globetrotter\u00bb d\u00e9di\u00e9e au voyage. Dans le spot pr\u00e9sentant l\u2019\u00e9mission, qui sera diffus\u00e9e en six \u00e9pisodes en prime time, la cha\u00eene montre des paysages splendides du Royaume et ses atouts naturels, [&hellip;]<\/p>\n","protected":false},"author":1787,"featured_media":0,"comment_status":"closed","ping_status":"closed","sticky":false,"template":"","format":"standard","meta":{"fifu_image_url":"","fifu_image_alt":"","footnotes":""},"categories":[78,54],"tags":[],"class_list":["post-20993","post","type-post","status-publish","format-standard","hentry","category-economie","category-maroc"],"_links":{"self":[{"href":"https:\/\/linitiative.ca\/International\/wp-json\/wp\/v2\/posts\/20993","targetHints":{"allow":["GET"]}}],"collection":[{"href":"https:\/\/linitiative.ca\/International\/wp-json\/wp\/v2\/posts"}],"about":[{"href":"https:\/\/linitiative.ca\/International\/wp-json\/wp\/v2\/types\/post"}],"author":[{"embeddable":true,"href":"https:\/\/linitiative.ca\/International\/wp-json\/wp\/v2\/users\/1787"}],"replies":[{"embeddable":true,"href":"https:\/\/linitiative.ca\/International\/wp-json\/wp\/v2\/comments?post=20993"}],"version-history":[{"count":0,"href":"https:\/\/linitiative.ca\/International\/wp-json\/wp\/v2\/posts\/20993\/revisions"}],"wp:attachment":[{"href":"https:\/\/linitiative.ca\/International\/wp-json\/wp\/v2\/media?parent=20993"}],"wp:term":[{"taxonomy":"category","embeddable":true,"href":"https:\/\/linitiative.ca\/International\/wp-json\/wp\/v2\/categories?post=20993"},{"taxonomy":"post_tag","embeddable":true,"href":"https:\/\/linitiative.ca\/International\/wp-json\/wp\/v2\/tags?post=20993"}],"curies":[{"name":"wp","href":"https:\/\/api.w.org\/{rel}","templated":true}]}}