{"id":21002,"date":"2019-03-11T14:50:21","date_gmt":"2019-03-11T18:50:21","guid":{"rendered":"https:\/\/linitiative.ca\/International\/ligue-1-2-usma-ibara-sera-present-contre-le-mouloudia\/"},"modified":"2019-03-11T14:50:21","modified_gmt":"2019-03-11T18:50:21","slug":"ligue-1-2-usma-ibara-sera-present-contre-le-mouloudia","status":"publish","type":"post","link":"https:\/\/linitiative.ca\/International\/ligue-1-2-usma-ibara-sera-present-contre-le-mouloudia\/","title":{"rendered":"Ligue 1 &#038; 2 : USMA : Ibara sera pr\u00e9sent contre le Mouloudia"},"content":{"rendered":"<div readability=\"32\">\n<p>Auteur : <span>Adel Cheraki<\/span> <span class=\"time\">lundi 11 mars 2019 14:10<\/span><\/p>\n<\/div>\n<div id=\"post_core\" readability=\"60\">\n<p>Souffrant d\u2019une blessure \u00e0 la cuisse, Prince Ibara avait rat\u00e9 les premi\u00e8res s\u00e9ances d\u2019entra\u00eenement de la semaine pass\u00e9e. Multipliant les allers-retours \u00e0 l\u2019infirmerie, l\u2019attaquant des Rouge et Noir a fini par se d\u00e9barrasser des douleurs dont il s\u2019est plaint. Jug\u00e9 apte \u00e0 reprendre du service, le retour du meilleur buteur du club jusque-l\u00e0 a \u00e9t\u00e9 accueilli avec joie vu son poids au sein du onze. Totalement r\u00e9tabli, l\u2019ancien joueur d\u2019Al-Wakrah sera pr\u00e9sent jeudi contre le MCA \u00e0 l\u2019occasion du grand choc de la 24e journ\u00e9e de la Ligue 1 Mobilis. Il est, en tout cas, bien parti pour d\u00e9buter ce grand derby de la capitale, en pointe, soutenu par Meziane et Zouari. Une ligne d\u2019attaque qui n\u2019a pas pu mettre en difficult\u00e9 la d\u00e9fense du PAC lors de sa derni\u00e8re sortie, mais tous les \u00e9l\u00e9ments cit\u00e9s sont d\u00e9cid\u00e9s \u00e0 rattraper le coup en se rachetant face au grand et \u00e9ternel rival de leur club.<\/p>\n<p><strong>Il a r\u00e9int\u00e9gr\u00e9 le groupe hier<\/strong><br \/>Annonc\u00e9 comme \u00e9tant incertain pour le choc de cette fin de semaine au lendemain de la r\u00e9ception du Paradou AC, il s\u2019est av\u00e9r\u00e9 par la suite que la blessure du Congolais n\u2019\u00e9tait pas grave et qu\u2019il sera en mesure de tenir son r\u00f4le. Apr\u00e8s avoir repris la course, jeudi, celui qui a frapp\u00e9 \u00e0 huit reprises depuis qu\u2019il a fait ses d\u00e9buts en Ligue 1 Mobilis a eu le feu vert du staff m\u00e9dical pour se joindre une nouvelle fois \u00e0 ses co\u00e9quipiers et c\u2019est ce qu\u2019il n\u2019a pas tard\u00e9 \u00e0 faire. Un retour qui s\u2019est d\u00e9roul\u00e9 dans de bonnes conditions et c\u2019est ce qui a soulag\u00e9 le m\u00e9decin mais aussi et surtout le joueur car le fait de n\u2019avoir ressenti aucune douleur prouve que les efforts qu\u2019il a fait par le pass\u00e9 afin de revenir le plus rapidement possible ont port\u00e9 leurs fruits.<\/p>\n<p><strong>Froger soulag\u00e9<\/strong><br \/>Le retour de Prince Ibara n\u2019a fait que des heureux. Parmi ceux qui ont \u00e9t\u00e9 ravis de le voir revenir, nous pouvons citer le nom de Thierry Froger. Le responsable du staff technique a toujours fait de ce joueur son avant-centre n\u00b01 dans la hi\u00e9rarchie. Le Fran\u00e7ais pourrait ainsi compter une nouvelle fois sur son joueur pour d\u00e9stabiliser les Mouloud\u00e9ens, ce jeudi, surtout que remporter cette rencontre lui permettra de gagner \u00e0 nouveau la confiance des supporters. Ces derniers ont insist\u00e9 \u00e0 plusieurs reprises sur les trois points de ce derby et esp\u00e8rent voir leur club favori r\u00e9agir de la meilleure des mani\u00e8res apr\u00e8s la d\u00e9faite surprise conc\u00e9d\u00e9e \u00e0 Bologhine contre le Paradou AC sur le score de deux buts \u00e0 un.<br \/>\u00a0<\/p>\n<\/div>\n<p>Auteur:<br \/>\n<a href=\"http:\/\/www.lebuteur.com\/article\/detail?titre=usma-ibara-sera-present-contre-le-mouloudia&#038;id=87045&#038;utm_source=feedburner&#038;utm_medium=feed&#038;utm_campaign=Feed%3A+GalerieFArtciles+%28Les+derniers+articles++-+lebuteur.com%29\">Cliquez ici pour lire l&rsquo;article depuis sa source.<\/a><\/p>\n","protected":false},"excerpt":{"rendered":"<p>Auteur : Adel Cheraki lundi 11 mars 2019 14:10 Souffrant d\u2019une blessure \u00e0 la cuisse, Prince Ibara avait rat\u00e9 les premi\u00e8res s\u00e9ances d\u2019entra\u00eenement de la semaine pass\u00e9e. Multipliant les allers-retours \u00e0 l\u2019infirmerie, l\u2019attaquant des Rouge et Noir a fini par se d\u00e9barrasser des douleurs dont il s\u2019est plaint. Jug\u00e9 apte \u00e0 reprendre du service, le [&hellip;]<\/p>\n","protected":false},"author":1738,"featured_media":21006,"comment_status":"closed","ping_status":"closed","sticky":false,"template":"","format":"standard","meta":{"fifu_image_url":"","fifu_image_alt":"","footnotes":""},"categories":[53,75],"tags":[],"class_list":["post-21002","post","type-post","status-publish","format-standard","has-post-thumbnail","hentry","category-algerie","category-sport"],"_links":{"self":[{"href":"https:\/\/linitiative.ca\/International\/wp-json\/wp\/v2\/posts\/21002","targetHints":{"allow":["GET"]}}],"collection":[{"href":"https:\/\/linitiative.ca\/International\/wp-json\/wp\/v2\/posts"}],"about":[{"href":"https:\/\/linitiative.ca\/International\/wp-json\/wp\/v2\/types\/post"}],"author":[{"embeddable":true,"href":"https:\/\/linitiative.ca\/International\/wp-json\/wp\/v2\/users\/1738"}],"replies":[{"embeddable":true,"href":"https:\/\/linitiative.ca\/International\/wp-json\/wp\/v2\/comments?post=21002"}],"version-history":[{"count":0,"href":"https:\/\/linitiative.ca\/International\/wp-json\/wp\/v2\/posts\/21002\/revisions"}],"wp:featuredmedia":[{"embeddable":true,"href":"https:\/\/linitiative.ca\/International\/wp-json\/"}],"wp:attachment":[{"href":"https:\/\/linitiative.ca\/International\/wp-json\/wp\/v2\/media?parent=21002"}],"wp:term":[{"taxonomy":"category","embeddable":true,"href":"https:\/\/linitiative.ca\/International\/wp-json\/wp\/v2\/categories?post=21002"},{"taxonomy":"post_tag","embeddable":true,"href":"https:\/\/linitiative.ca\/International\/wp-json\/wp\/v2\/tags?post=21002"}],"curies":[{"name":"wp","href":"https:\/\/api.w.org\/{rel}","templated":true}]}}