{"id":21004,"date":"2019-03-11T14:48:53","date_gmt":"2019-03-11T18:48:53","guid":{"rendered":"https:\/\/linitiative.ca\/International\/algerie-abdelaziz-bouteflika-renonce-a-un-5eme-mandat-mais-balise-la-transition\/"},"modified":"2019-03-11T14:48:53","modified_gmt":"2019-03-11T18:48:53","slug":"algerie-abdelaziz-bouteflika-renonce-a-un-5eme-mandat-mais-balise-la-transition","status":"publish","type":"post","link":"https:\/\/linitiative.ca\/International\/algerie-abdelaziz-bouteflika-renonce-a-un-5eme-mandat-mais-balise-la-transition\/","title":{"rendered":"Alg\u00e9rie : Abdelaziz Bouteflika renonce \u00e0 un 5\u00e8me mandat mais balise la transition"},"content":{"rendered":"<p>Journ\u00e9e historique pour le peuple alg\u00e9rien ce 11 mars 2019. Alors que le premier ministre Ahmed Ouyahia a remis sa d\u00e9mission dans la foul\u00e9e de l\u2019annonce officielle de renonciation du pr\u00e9sident alg\u00e9rien, on en sait un peu plus sur le texte de renonciation d\u2019Abdelaziz Bouteflika.<\/p>\n<p>Ci-dessous, l\u2019int\u00e9gralit\u00e9 de ce texte :<\/p>\n<p>\u00ab\u00a0Chers concitoyens,<\/p>\n<p>L\u2019Alg\u00e9rie traverse une \u00e9tape sensible de son Histoire. Ce 8 mars, pour le troisi\u00e8me vendredi cons\u00e9cutif, d\u2019importantes marches populaires ont eu lieu \u00e0 travers le pays. J\u2019ai suivi ces d\u00e9veloppements et, comme je vous l\u2019ai<br \/>d\u00e9j\u00e0 annonc\u00e9 le 3 de ce mois, je comprends les motivations des nombreux compatriotes qui ont choisi ce mode d\u2019expression dont je tiens, une fois de plus, \u00e0 saluer le caract\u00e8re pacifique.<\/p>\n<p>Je comprends tout particuli\u00e8rement le message port\u00e9 par les jeunes en termes, \u00e0 la fois, d\u2019angoisse et d\u2019ambition pour leur avenir propre et pour celui du pays. Je comprends aussi le d\u00e9calage qui a pu \u00eatre source de<br \/>pr\u00e9occupation entre, d\u2019un c\u00f4t\u00e9, la tenue de l\u2019\u00e9lection pr\u00e9sidentielle \u00e0 une date techniquement appropri\u00e9e en tant que jalon de gouvernance dans la vie institutionnelle et politique et, de l\u2019autre, l\u2019ouverture, sans d\u00e9lai ind\u00fb, du vaste chantier, politiquement hautement prioritaire, de conception et de conduite de r\u00e9formes profondes dans les domaines politique, institutionnel, \u00e9conomique et social, avec la participation la plus large possible et la plus repr\u00e9sentative de la soci\u00e9t\u00e9 alg\u00e9rienne, y compris la juste part devant revenir aux femmes et aux jeunes.<\/p>\n<p>Je comprends enfin que le projet r\u00e9novateur de notre Etat-nation, dont je vous ai annonc\u00e9 les principales<br \/>articulations, gagnerait \u00e0 b\u00e9n\u00e9ficier d\u2019un surcroit de clarifications et \u00eatre pr\u00e9par\u00e9, pour chasser tout doute des esprits, par la r\u00e9union des conditions de son appropriation par toutes les couches sociales et les composantes de la Nation alg\u00e9rienne.<\/p>\n<p>En toute fid\u00e9lit\u00e9 au serment que j\u2019ai fait devant le peuple alg\u00e9rien de prot\u00e9ger et de promouvoir en toutes circonstances les int\u00e9r\u00eats bien compris de notre Patrie, et apr\u00e8s les consultations institutionnelles requises par<\/p>\n<div id=\"attachment_308631\" class=\"wp-caption aligncenter c1\" readability=\"32\"><img loading=\"lazy\" decoding=\"async\" class=\"wp-image-308631 size-medium\" src=\"https:\/\/www.journalducameroun.com\/wp-content\/uploads\/2019\/03\/7797114772_le-president-algerien-abdelaziz-bouteflika-en-novembre-2017-300x200.jpg\" alt=\"\" width=\"300\" height=\"200\" srcset=\"https:\/\/www.journalducameroun.com\/wp-content\/uploads\/2019\/03\/7797114772_le-president-algerien-abdelaziz-bouteflika-en-novembre-2017-300x200.jpg 300w, https:\/\/www.journalducameroun.com\/wp-content\/uploads\/2019\/03\/7797114772_le-president-algerien-abdelaziz-bouteflika-en-novembre-2017-768x511.jpg 768w, https:\/\/www.journalducameroun.com\/wp-content\/uploads\/2019\/03\/7797114772_le-president-algerien-abdelaziz-bouteflika-en-novembre-2017-661x440.jpg 661w, https:\/\/www.journalducameroun.com\/wp-content\/uploads\/2019\/03\/7797114772_le-president-algerien-abdelaziz-bouteflika-en-novembre-2017-600x400.jpg 600w, https:\/\/www.journalducameroun.com\/wp-content\/uploads\/2019\/03\/7797114772_le-president-algerien-abdelaziz-bouteflika-en-novembre-2017.jpg 880w\" sizes=\"auto, (max-width: 300px) 100vw, 300px\"\/><\/p>\n<p class=\"wp-caption-text\">Le pr\u00e9sident Alg\u00e9rien Abdelaziz Bouteflika<\/p>\n<\/div>\n<p>la Constitution, j\u2019invoque la gr\u00e2ce et le soutien de Dieu Tout-Puissant pour me pr\u00e9valoir des valeurs sup\u00e9rieures de notre peuple dont nos glorieux martyrs et nos valeureux moudjahidine ont consacr\u00e9 l\u2019immortalit\u00e9 pour pr\u00e9senter \u00e0 l\u2019adresse de vos c\u0153urs et \u00e0 vos consciences les d\u00e9cisions suivantes :<\/p>\n<p><strong>Premi\u00e8rement<\/strong> : Il n\u2019y aura pas de cinqui\u00e8me mandat et il n\u2019en a jamais \u00e9t\u00e9 question pour moi, mon \u00e9tat de sant\u00e9 et mon \u00e2ge ne m\u2019assignant comme ultime devoir envers le peuple alg\u00e9rien que la contribution \u00e0 l\u2019assise des fondations d\u2019une nouvelle R\u00e9publique en tant que cadre du nouveau syst\u00e8me alg\u00e9rien que nous appelons de tous nos v\u0153ux. Cette nouvelle R\u00e9publique et ce nouveau syst\u00e8me seront entre les mains des nouvelles g\u00e9n\u00e9rations d\u2019Alg\u00e9riennes et d\u2019Alg\u00e9riens qui seront tout naturellement les principaux acteurs et b\u00e9n\u00e9ficiaires de la vie publique et du d\u00e9veloppement durable dans l\u2019Alg\u00e9rie de demain.<\/p>\n<p><strong>Deuxi\u00e8mement<\/strong> : Il n\u2019y aura pas d\u2019\u00e9lection pr\u00e9sidentielle le 18 avril prochain. Il s\u2019agit ainsi de satisfaire une demande pressante que vous avez \u00e9t\u00e9 nombreux \u00e0 m\u2019adresser dans votre souci de lever tout malentendu quant \u00e0 l\u2019opportunit\u00e9 et \u00e0 l\u2019irr\u00e9versibilit\u00e9 de la transmission g\u00e9n\u00e9rationnelle \u00e0 laquelle je me suis engag\u00e9. Il s\u2019agit aussi de faire pr\u00e9valoir la noble finalit\u00e9 des dispositifs juridiques qui r\u00e9side dans une saine r\u00e9gulation de la vie institutionnelle et dans l\u2019harmonie des interactions socio-politiques, sur une observation rigide d\u2019\u00e9ch\u00e9ances pr\u00e9-\u00e9tablies. Le report de l\u2019\u00e9lection pr\u00e9sidentielle qui a \u00e9t\u00e9 r\u00e9clam\u00e9 vient donc pour apaiser les appr\u00e9hensions qui ont \u00e9t\u00e9 manifest\u00e9es afin d\u2019ouvrir la voie \u00e0 la g\u00e9n\u00e9ralisation de la s\u00e9r\u00e9nit\u00e9, de la qui\u00e9tude et de la s\u00e9curit\u00e9 publique, dans l\u2019objectif d\u2019entreprendre ensemble les actions d\u2019importance historique qui permettront de pr\u00e9parer le plus rapidement possible l\u2019av\u00e8nement d\u2019une nouvelle \u00e8re en Alg\u00e9rie.<\/p>\n<p><strong>Troisi\u00e8mement<\/strong> : Dans la perspective d\u2019une mobilisation accrue des pouvoirs publics et du rehaussement de l\u2019efficacit\u00e9 de l\u2019action de l\u2019Etat dans tous les domaines, j\u2019ai d\u00e9cid\u00e9 de proc\u00e9der tout prochainement \u00e0 des changements importants au sein du Gouvernement. Ces changements constitueront une r\u00e9ponse ad\u00e9quate aux attentes dont vous m\u2019avez saisi, ainsi qu\u2019une illustration de ma r\u00e9ceptivit\u00e9 \u00e0 l\u2019exigence de reddition de comptes et\u00a0d\u2019\u00e9valuation rigoureuse dans l\u2019exercice des responsabilit\u00e9s \u00e0 tous les niveaux et dans tous les secteurs.<\/p>\n<p><strong>Quatri\u00e8mement<\/strong> : La <strong>Conf\u00e9rence nationale inclusive et ind\u00e9pendante<\/strong> sera une enceinte dot\u00e9e de tous les pouvoirs n\u00e9cessaires \u00e0 la discussion, l\u2019\u00e9laboration et l\u2019adoption de tous types de r\u00e9formes devant constituer le socle du nouveau syst\u00e8me que porte le lancement du processus de transformation de notre Etat-nation, que j\u2019estime \u00eatre ma mission ultime en parach\u00e8vement de l\u2019\u0153uvre dont Dieu Tout-Puissant m\u2019a accord\u00e9 la capacit\u00e9 et pour laquelle le peuple alg\u00e9rien m\u2019a donn\u00e9 l\u2019opportunit\u00e9.<\/p>\n<p><ins data-revive-zoneid=\"9\" data-revive-id=\"10111e19d28d19d031742ee3b0b33eb0\"\/> <\/p>\n<p>Cette conf\u00e9rence sera \u00e9quitablement repr\u00e9sentative de la soci\u00e9t\u00e9 alg\u00e9rienne comme des sensibilit\u00e9s qui la parcourent. Elle organisera librement ses travaux, sous la direction d\u2019une instance pr\u00e9sidentielle plurielle, avec \u00e0 sa t\u00eate un pr\u00e9sident qui sera une personnalit\u00e9 nationale ind\u00e9pendante, consensuelle et exp\u00e9riment\u00e9e. La conf\u00e9rence doit s\u2019efforcer de compl\u00e9ter son mandat avant <strong>la fin de l\u2019ann\u00e9e 2019<\/strong>.<\/p>\n<p>Le projet de Constitution qui \u00e9manera de la Conf\u00e9rence sera soumis \u00e0 un\u00a0r\u00e9f\u00e9rendum populaire. La Conf\u00e9rence nationale ind\u00e9pendante fixera\u00a0souverainement la date de l\u2019\u00e9lection pr\u00e9sidentielle \u00e0 laquelle je ne serai\u00a0en aucun cas candidat.<\/p>\n<p><strong>Cinqui\u00e8mement<\/strong> : L\u2019\u00e9lection pr\u00e9sidentielle qui aura lieu dans le\u00a0prolongement de la conf\u00e9rence nationale inclusive et ind\u00e9pendante sera\u00a0organis\u00e9e sous l\u2019autorit\u00e9 exclusive d\u2019une <strong>commission \u00e9lectorale nationale\u00a0ind\u00e9pendante<\/strong> dont le mandat, la composition et le mode de fonctionnement\u00a0seront codifi\u00e9s dans un texte l\u00e9gislatif sp\u00e9cifique qui s\u2019inspirera des\u00a0exp\u00e9riences et des pratiques les mieux \u00e9tablies \u00e0 l\u2019\u00e9chelle internationale.\u00a0La cr\u00e9ation d\u2019une commission \u00e9lectorale nationale ind\u00e9pendante est d\u00e9cid\u00e9e<br \/>pour r\u00e9pondre \u00e0 une revendication largement soutenue par les formations\u00a0politiques alg\u00e9riennes ainsi qu\u2019\u00e0 une recommandation constante des missions\u00a0d\u2019observation \u00e9lectorale des Organisations internationales et r\u00e9gionales\u00a0invit\u00e9es et re\u00e7ues par l\u2019Alg\u00e9rie lors des consultations \u00e9lectorales\u00a0nationales pr\u00e9c\u00e9dentes.<\/p>\n<p><strong>Sixi\u00e8mement<\/strong> : Dans le but de contribuer de mani\u00e8re optimale \u00e0 la tenue de\u00a0l\u2019\u00e9lection pr\u00e9sidentielle dans des conditions incontestables de libert\u00e9, de\u00a0r\u00e9gularit\u00e9 et de transparence, il sera form\u00e9 un Gouvernement de comp\u00e9tences nationales b\u00e9n\u00e9ficiant du soutien des composantes de la Conf\u00e9rence\u00a0nationale. Ce Gouvernement assumera la supervision des missions de\u00a0l\u2019administration publique et des services de s\u00e9curit\u00e9 et apportera sa\u00a0pleine collaboration \u00e0 la commission \u00e9lectorale nationale ind\u00e9pendante.\u00a0Pour sa part, le Conseil constitutionnel assumera, en toute ind\u00e9pendance,\u00a0les pouvoirs que lui conf\u00e8rent la Constitution et la loi en mati\u00e8re\u00a0d\u2019\u00e9lections pr\u00e9sidentielles.<\/p>\n<p><strong>Septi\u00e8mement<\/strong> : Je m\u2019engage solennellement devant Dieu le Tout-Puissant et\u00a0devant le peuple alg\u00e9rien \u00e0 ne m\u00e9nager aucun effort pour que les\u00a0Institutions, structures, d\u00e9membrements de l\u2019Etat et collectivit\u00e9s locales\u00a0se mobilisent pour concourir \u00e0 la pleine r\u00e9ussite de ce plan de travail. Je\u00a0m\u2019engage \u00e9galement \u00e0 veiller \u00e0 ce que toutes les Institutions\u00a0constitutionnelles de la R\u00e9publique poursuivent scrupuleusement\u00a0l\u2019accomplissement de leurs missions respectives et exercent leurs pouvoirs\u00a0respectifs au service exclusif du peuple alg\u00e9rien et de la R\u00e9publique. Je\u00a0m\u2019engage enfin, si Dieu m\u2019accorde vie et assistance, \u00e0 remettre les charges et les pr\u00e9rogatives de Pr\u00e9sident de la R\u00e9publique au successeur que le\u00a0peuple alg\u00e9rien aura librement \u00e9lu.<\/p>\n<p>Ch\u00e8res concitoyennes,<\/p>\n<p>Chers concitoyens,<\/p>\n<p>Voici la voie du salut que je vous invite \u00e0 emprunter ensemble pour\u00a0pr\u00e9munir l\u2019Alg\u00e9rie contre des \u00e9preuves, des d\u00e9chirements et des<br \/>d\u00e9perditions d\u2019\u00e9nergies.<\/p>\n<p>Voici la voie d\u2019un sursaut collectif pacifique pour permettre \u00e0 l\u2019Alg\u00e9rie\u00a0de r\u00e9aliser tout son potentiel dans une d\u00e9mocratie \u00e9panouie, digne des\u00a0gloires de l\u2019Histoire de notre Nation.<\/p>\n<p>Voici la voie dans laquelle je vous demande de me suivre et de m\u2019aider.<\/p>\n<p>\u201c\u0648\u0642\u064f\u0644 \u0627\u0639\u0645\u064e\u0644\u0648\u0627 \u0641\u064e\u0633\u064e\u064a\u064e\u0631\u0649 \u0627\u0644\u0644\u0647\u064f \u0639\u064e\u0645\u064e\u0644\u064e\u0643\u0645\u064f \u0648\u0631\u064e\u0633\u0648\u0644\u064f\u0647\u064f \u0648\u0627\u0644\u0645\u064f\u0624\u0645\u0650\u0646\u0648\u0646\u0652\u201d<\/p>\n<p>\u0635\u062f\u0642\u064e \u0627\u0644\u0644\u0647\u064f \u0627\u0644\u0639\u0638\u064a\u0645\u0652<\/p>\n<p>Gloire \u00e9ternelle \u00e0 nos vaillants martyrs\u00a0\u00bb<\/p>\n<p>Auteur: Cyrille Nono<br \/>\n<a href=\"https:\/\/www.journalducameroun.com\/fr\/algerie-abdelaziz-bouteflika-renonce-a-un-5eme-mandat-mais-balise-la-transition\/\">Cliquez ici pour lire l&rsquo;article depuis sa source.<\/a><\/p>\n","protected":false},"excerpt":{"rendered":"<p>Journ\u00e9e historique pour le peuple alg\u00e9rien ce 11 mars 2019. Alors que le premier ministre Ahmed Ouyahia a remis sa d\u00e9mission dans la foul\u00e9e de l\u2019annonce officielle de renonciation du pr\u00e9sident alg\u00e9rien, on en sait un peu plus sur le texte de renonciation d\u2019Abdelaziz Bouteflika. Ci-dessous, l\u2019int\u00e9gralit\u00e9 de ce texte : \u00ab\u00a0Chers concitoyens, L\u2019Alg\u00e9rie traverse [&hellip;]<\/p>\n","protected":false},"author":1965,"featured_media":21010,"comment_status":"closed","ping_status":"closed","sticky":false,"template":"","format":"standard","meta":{"fifu_image_url":"","fifu_image_alt":"","footnotes":""},"categories":[73,82],"tags":[],"class_list":["post-21004","post","type-post","status-publish","format-standard","has-post-thumbnail","hentry","category-actualite","category-cameroun"],"_links":{"self":[{"href":"https:\/\/linitiative.ca\/International\/wp-json\/wp\/v2\/posts\/21004","targetHints":{"allow":["GET"]}}],"collection":[{"href":"https:\/\/linitiative.ca\/International\/wp-json\/wp\/v2\/posts"}],"about":[{"href":"https:\/\/linitiative.ca\/International\/wp-json\/wp\/v2\/types\/post"}],"author":[{"embeddable":true,"href":"https:\/\/linitiative.ca\/International\/wp-json\/wp\/v2\/users\/1965"}],"replies":[{"embeddable":true,"href":"https:\/\/linitiative.ca\/International\/wp-json\/wp\/v2\/comments?post=21004"}],"version-history":[{"count":0,"href":"https:\/\/linitiative.ca\/International\/wp-json\/wp\/v2\/posts\/21004\/revisions"}],"wp:featuredmedia":[{"embeddable":true,"href":"https:\/\/linitiative.ca\/International\/wp-json\/"}],"wp:attachment":[{"href":"https:\/\/linitiative.ca\/International\/wp-json\/wp\/v2\/media?parent=21004"}],"wp:term":[{"taxonomy":"category","embeddable":true,"href":"https:\/\/linitiative.ca\/International\/wp-json\/wp\/v2\/categories?post=21004"},{"taxonomy":"post_tag","embeddable":true,"href":"https:\/\/linitiative.ca\/International\/wp-json\/wp\/v2\/tags?post=21004"}],"curies":[{"name":"wp","href":"https:\/\/api.w.org\/{rel}","templated":true}]}}