{"id":21013,"date":"2019-03-10T22:01:25","date_gmt":"2019-03-11T02:01:25","guid":{"rendered":"https:\/\/linitiative.ca\/International\/cooperation-burkina-allemagne-la-giz-offre-43-vehicules-et-20-motos\/"},"modified":"2019-03-10T22:01:25","modified_gmt":"2019-03-11T02:01:25","slug":"cooperation-burkina-allemagne-la-giz-offre-43-vehicules-et-20-motos","status":"publish","type":"post","link":"https:\/\/linitiative.ca\/International\/cooperation-burkina-allemagne-la-giz-offre-43-vehicules-et-20-motos\/","title":{"rendered":"Coop\u00e9ration Burkina-Allemagne: La GIZ offre 43 v\u00e9hicules et  20 motos"},"content":{"rendered":"<div class=\"td-post-featured-image\" readability=\"34\"><a href=\"https:\/\/i2.wp.com\/www.sidwaya.info\/wp-content\/uploads\/2019\/03\/coop.jpg?fit=787%2C525&#038;ssl=1\" data-caption=\"Le ministre d\u2019Etat, Sim\u00e9on Sawadogo a re\u00e7u l\u2019ensemble des cl\u00e9s des 63 engins offerts par la GIZ.\"><img loading=\"lazy\" decoding=\"async\" width=\"696\" height=\"464\" class=\"entry-thumb td-modal-image\" src=\"https:\/\/i2.wp.com\/www.sidwaya.info\/wp-content\/uploads\/2019\/03\/coop.jpg?resize=696%2C464&#038;ssl=1\" srcset=\"https:\/\/i2.wp.com\/www.sidwaya.info\/wp-content\/uploads\/2019\/03\/coop.jpg?w=787&#038;ssl=1 787w, https:\/\/i2.wp.com\/www.sidwaya.info\/wp-content\/uploads\/2019\/03\/coop.jpg?resize=300%2C200&#038;ssl=1 300w, https:\/\/i2.wp.com\/www.sidwaya.info\/wp-content\/uploads\/2019\/03\/coop.jpg?resize=768%2C512&#038;ssl=1 768w, https:\/\/i2.wp.com\/www.sidwaya.info\/wp-content\/uploads\/2019\/03\/coop.jpg?resize=696%2C464&#038;ssl=1 696w, https:\/\/i2.wp.com\/www.sidwaya.info\/wp-content\/uploads\/2019\/03\/coop.jpg?resize=630%2C420&#038;ssl=1 630w\" sizes=\"auto, (max-width: 696px) 100vw, 696px\" alt=\"\" title=\"coop\"\/><\/a>Le ministre d\u2019Etat, Sim\u00e9on Sawadogo a re\u00e7u l\u2019ensemble des cl\u00e9s des 63 engins offerts par la GIZ.<\/div>\n<div class=\"td-a-rec td-a-rec-id-content_top td_uid_30_5c86adef69a2f_rand td_block_template_1\"><img loading=\"lazy\" decoding=\"async\" class=\"aligncenter size-full wp-image-4463\" src=\"https:\/\/www.sidwaya.info\/wp-content\/uploads\/2019\/02\/FESPACO-TOUR-2019-Bannie%CC%80re-728x90-1.jpg\" alt=\"\" width=\"728\" height=\"90\"\/><\/div>\n<p><strong>Le minist\u00e8re de l\u2019Administration territoriale, de la D\u00e9centralisation et de la Coh\u00e9sion sociale et l\u2019ambassade d\u2019Allemagne ont proc\u00e9d\u00e9, le mercredi 6 f\u00e9vrier 2019 \u00e0 Ouagadougou, \u00e0 la signature d\u2019une convention de partenariat. A travers cet acte, la coop\u00e9ration allemande (GIZ) fait don de 43 v\u00e9hicules et 20 motos aux gouvernorats et hauts-commissariats des r\u00e9gions de l\u2019Est et du Sud-Ouest.<\/strong><\/p>\n<p>La coop\u00e9ration allemande, \u00e0 travers la deutsche Gesellschaft f\u00fcr internationale zusammenarbeit (GIZ), a sign\u00e9 une convention avec le minist\u00e8re de l\u2019Administration territoriale, de la D\u00e9centralisation et de la Coh\u00e9sion sociale (MATDC), le mercredi 6 mars 2019 \u00e0 Ouagadougou. Pour marquer cette convention, le gouvernement allemand a fait un don de 43 v\u00e9hicules et de 20 motos d\u2019une valeur totale de 721\u00a0550 mille francs CFA au gouvernement burkinab\u00e8.<\/p>\n<p>Selon l\u2019ambassadeur d\u2019Allemagne au Burkina Faso, Ingo Hebert, cette aide s\u2019inscrit dans la dynamique de l\u2019appui aux partenaires du Programme de d\u00e9centralisation et de d\u00e9veloppement communal (PDDC) financ\u00e9 par la R\u00e9publique f\u00e9d\u00e9rale d\u2019Allemagne et ex\u00e9cut\u00e9 par la GIZ qui, depuis 2005, accompagne le processus de d\u00e9centralisation au Burkina Faso. \u00abLe mat\u00e9riel est destin\u00e9 aux trente communes partenaires de ce programme aux deux conseils r\u00e9gionaux, aux deux gouvernorats et aux neuf hauts-commissariats dans les r\u00e9gions de l\u2019Est et du Sud-Ouest\u00bb, a-t-il d\u00e9taill\u00e9.<\/p>\n<p>L\u2019ambassadeur allemand a dit esp\u00e9rer que le mat\u00e9riel offert permettra \u00e0 la tutelle, repr\u00e9sent\u00e9e par les gouverneurs et les hauts-commissaires des deux r\u00e9gions, de mieux assurer l\u2019appui-conseil aux collectivit\u00e9s territoriales et surtout d\u2019accompagner une gouvernance locale responsable orient\u00e9e vers les int\u00e9r\u00eats des citoyens. \u00abLes motos destin\u00e9es \u00e0 l\u2019usage des services techniques en charge de la collecte des recettes locales permettront d\u2019am\u00e9liorer les recouvrements des recettes propres des collectivit\u00e9s territoriales partenaires du programme.<\/p>\n<p>Ce qui me para\u00eet \u00eatre un imp\u00e9ratif de premier ordre pour am\u00e9liorer les conditions de vie des populations\u00bb, a-t-il d\u00e9clar\u00e9. L\u2019ambassadeur a r\u00e9it\u00e9r\u00e9 la disponibilit\u00e9 de son gouvernement, qui intervient d\u00e9j\u00e0 dans les domaines de l\u2019agriculture, de l\u2019eau et de la d\u00e9centralisation, \u00e0 soutenir le Burkina Faso dans sa lutte pour le d\u00e9veloppement. Pour le ministre d\u2019Etat burkinab\u00e8, ministre de l\u2019Administration territoriale, de la D\u00e9centralisation et de la Coh\u00e9sion sociale, Sim\u00e9on Sawadogo, cette convention qui vient \u00e9largir la relation bilat\u00e9rale entre la R\u00e9publique f\u00e9d\u00e9rale d\u2019Allemagne et le Burkina Faso, sera d\u2019une aide capitale dans la tenue du PDDC.<\/p>\n<p>\u00abJe mesure \u00e0 sa juste valeur, ce geste qui apportera sans nul doute une plus-value dans l\u2019action de mon d\u00e9partement sur le terrain en am\u00e9liorant dans les r\u00e9gions concern\u00e9es, la qualit\u00e9 des actes produits, la satisfaction de la population vis-\u00e0-vis des services d\u00e9livr\u00e9s, le renforcement de la collaboration entre acteurs \u00e9tatiques et collectivit\u00e9s territoriales\u00bb, a-t-il d\u00e9clar\u00e9. Le ministre Sim\u00e9on Sawadogo a donc remerci\u00e9 la coop\u00e9ration allemande et s\u2019est engag\u00e9 solennellement \u00e0 utiliser \u00e0 bon escient le mat\u00e9riel offert.<\/p>\n<p class=\"c1\"><strong>Fatimah TANKOANO<\/strong><br \/>(stagiaire)<\/p>\n<div class=\"td-a-rec td-a-rec-id-content_bottom td_uid_31_5c86adef69b7d_rand td_block_template_1\"><img loading=\"lazy\" decoding=\"async\" class=\"alignright size-full wp-image-1724\" src=\"https:\/\/www.sidwaya.info\/wp-content\/uploads\/2018\/12\/sidwaya-pub.jpg\" alt=\"\" width=\"720\" height=\"90\"\/><\/div>\n<p>Auteur: JK. Sidwaya<br \/>\n<a href=\"https:\/\/www.sidwaya.info\/blog\/2019\/03\/11\/cooperation-burkina-allemagne-la-giz-offre-43-vehicules-et-20-motos\/\">Cliquez ici pour lire l&rsquo;article depuis sa source.<\/a><\/p>\n","protected":false},"excerpt":{"rendered":"<p>Le ministre d\u2019Etat, Sim\u00e9on Sawadogo a re\u00e7u l\u2019ensemble des cl\u00e9s des 63 engins offerts par la GIZ. Le minist\u00e8re de l\u2019Administration territoriale, de la D\u00e9centralisation et de la Coh\u00e9sion sociale et l\u2019ambassade d\u2019Allemagne ont proc\u00e9d\u00e9, le mercredi 6 f\u00e9vrier 2019 \u00e0 Ouagadougou, \u00e0 la signature d\u2019une convention de partenariat. A travers cet acte, la coop\u00e9ration [&hellip;]<\/p>\n","protected":false},"author":1816,"featured_media":0,"comment_status":"closed","ping_status":"closed","sticky":false,"template":"","format":"standard","meta":{"fifu_image_url":"","fifu_image_alt":"","footnotes":""},"categories":[73,81],"tags":[],"class_list":["post-21013","post","type-post","status-publish","format-standard","hentry","category-actualite","category-burkina-faso"],"_links":{"self":[{"href":"https:\/\/linitiative.ca\/International\/wp-json\/wp\/v2\/posts\/21013","targetHints":{"allow":["GET"]}}],"collection":[{"href":"https:\/\/linitiative.ca\/International\/wp-json\/wp\/v2\/posts"}],"about":[{"href":"https:\/\/linitiative.ca\/International\/wp-json\/wp\/v2\/types\/post"}],"author":[{"embeddable":true,"href":"https:\/\/linitiative.ca\/International\/wp-json\/wp\/v2\/users\/1816"}],"replies":[{"embeddable":true,"href":"https:\/\/linitiative.ca\/International\/wp-json\/wp\/v2\/comments?post=21013"}],"version-history":[{"count":0,"href":"https:\/\/linitiative.ca\/International\/wp-json\/wp\/v2\/posts\/21013\/revisions"}],"wp:attachment":[{"href":"https:\/\/linitiative.ca\/International\/wp-json\/wp\/v2\/media?parent=21013"}],"wp:term":[{"taxonomy":"category","embeddable":true,"href":"https:\/\/linitiative.ca\/International\/wp-json\/wp\/v2\/categories?post=21013"},{"taxonomy":"post_tag","embeddable":true,"href":"https:\/\/linitiative.ca\/International\/wp-json\/wp\/v2\/tags?post=21013"}],"curies":[{"name":"wp","href":"https:\/\/api.w.org\/{rel}","templated":true}]}}