{"id":21016,"date":"2019-03-11T14:18:25","date_gmt":"2019-03-11T18:18:25","guid":{"rendered":"https:\/\/linitiative.ca\/International\/bouteflika-renonce-a-un-5eme-mandat\/"},"modified":"2019-03-11T14:18:25","modified_gmt":"2019-03-11T18:18:25","slug":"bouteflika-renonce-a-un-5eme-mandat","status":"publish","type":"post","link":"https:\/\/linitiative.ca\/International\/bouteflika-renonce-a-un-5eme-mandat\/","title":{"rendered":"Bouteflika renonce \u00e0 un 5\u00e8me mandat"},"content":{"rendered":"<p>Le pr\u00e9sident alg\u00e9rien <strong>Abdelaziz Bouteflika<\/strong>, confront\u00e9 depuis deux semaines \u00e0 une contestation in\u00e9dite en 20 ans de pouvoir, a annonc\u00e9 lundi renoncer \u00e0 briguer un 5\u00e8me mandat et le report sine die de la <strong>pr\u00e9sidentielle<\/strong> pr\u00e9vue le 18 avril.<\/p>\n<div class=\"c10\"\/>\n<p>Dans un message \u00e0 la nation publi\u00e9 par l\u2019agence officielle APS, il pr\u00e9cise que la pr\u00e9sidentielle aura lieu \u00ab\u00a0dans le prolongement\u00a0\u00bb d\u2019une conf\u00e9rence nationale\u00a0\u00bb charg\u00e9e de r\u00e9former le syst\u00e8me politique en <strong>Alg\u00e9rie<\/strong> et d\u2019\u00e9laborer un projet de Constitution d\u2019ici fin 2019.<\/p>\n<div class=\"c17\">\n<fieldset class=\"c16\">\n<legend><strong><span class=\"c11\">Challenge<\/span><span class=\"c12\">news<\/span><\/strong><\/legend>\n<div class=\"c15\">Le meilleur de la r\u00e9daction s\u00e9lectionn\u00e9 par Challenge :<\/p>\n<\/div>\n<\/fieldset>\n<\/div>\n<p>Auteur: Karim Handaoui<br \/>\n<a href=\"https:\/\/www.challenge.ma\/bouteflika-renonce-a-un-5eme-mandat-105937\/\">Cliquez ici pour lire l&rsquo;article depuis sa source.<\/a><\/p>\n","protected":false},"excerpt":{"rendered":"<p>Le pr\u00e9sident alg\u00e9rien Abdelaziz Bouteflika, confront\u00e9 depuis deux semaines \u00e0 une contestation in\u00e9dite en 20 ans de pouvoir, a annonc\u00e9 lundi renoncer \u00e0 briguer un 5\u00e8me mandat et le report sine die de la pr\u00e9sidentielle pr\u00e9vue le 18 avril. Dans un message \u00e0 la nation publi\u00e9 par l\u2019agence officielle APS, il pr\u00e9cise que la pr\u00e9sidentielle [&hellip;]<\/p>\n","protected":false},"author":1787,"featured_media":0,"comment_status":"closed","ping_status":"closed","sticky":false,"template":"","format":"standard","meta":{"fifu_image_url":"","fifu_image_alt":"","footnotes":""},"categories":[78,54],"tags":[],"class_list":["post-21016","post","type-post","status-publish","format-standard","hentry","category-economie","category-maroc"],"_links":{"self":[{"href":"https:\/\/linitiative.ca\/International\/wp-json\/wp\/v2\/posts\/21016","targetHints":{"allow":["GET"]}}],"collection":[{"href":"https:\/\/linitiative.ca\/International\/wp-json\/wp\/v2\/posts"}],"about":[{"href":"https:\/\/linitiative.ca\/International\/wp-json\/wp\/v2\/types\/post"}],"author":[{"embeddable":true,"href":"https:\/\/linitiative.ca\/International\/wp-json\/wp\/v2\/users\/1787"}],"replies":[{"embeddable":true,"href":"https:\/\/linitiative.ca\/International\/wp-json\/wp\/v2\/comments?post=21016"}],"version-history":[{"count":0,"href":"https:\/\/linitiative.ca\/International\/wp-json\/wp\/v2\/posts\/21016\/revisions"}],"wp:attachment":[{"href":"https:\/\/linitiative.ca\/International\/wp-json\/wp\/v2\/media?parent=21016"}],"wp:term":[{"taxonomy":"category","embeddable":true,"href":"https:\/\/linitiative.ca\/International\/wp-json\/wp\/v2\/categories?post=21016"},{"taxonomy":"post_tag","embeddable":true,"href":"https:\/\/linitiative.ca\/International\/wp-json\/wp\/v2\/tags?post=21016"}],"curies":[{"name":"wp","href":"https:\/\/api.w.org\/{rel}","templated":true}]}}