{"id":21020,"date":"2019-03-11T14:35:10","date_gmt":"2019-03-11T18:35:10","guid":{"rendered":"https:\/\/linitiative.ca\/International\/centenaire-du-burkina-faso-les-historiens-burkinabe-invites-a-reecrire-lhistoire\/"},"modified":"2019-03-11T14:35:10","modified_gmt":"2019-03-11T18:35:10","slug":"centenaire-du-burkina-faso-les-historiens-burkinabe-invites-a-reecrire-lhistoire","status":"publish","type":"post","link":"https:\/\/linitiative.ca\/International\/centenaire-du-burkina-faso-les-historiens-burkinabe-invites-a-reecrire-lhistoire\/","title":{"rendered":"CENTENAIRE DU BURKINA FASO :  Les historiens burkinab\u00e8 invit\u00e9s \u00e0 r\u00e9\u00e9crire l\u2019Histoire"},"content":{"rendered":"<p><img decoding=\"async\" class=\"post_layout_5_img\" src=\"http:\/\/lepays.bf\/wp-content\/uploads\/2019\/03\/07-1.jpg\" alt=\"CENTENAIRE DU BURKINA FASO : Les historiens burkinab\u00e8 invit\u00e9s \u00e0 r\u00e9\u00e9crire l\u2019Histoire\"\/><\/p>\n<p class=\"c4\"><strong>Dans le cadre de la comm\u00e9moration du centenaire de la cr\u00e9ation de la Haute-Volta rebaptis\u00e9e Burkina Faso, il se tient, du 9 au 12 mars 2019, \u00e0 l\u2019Universit\u00e9 Ouaga 1 Pr Joseph Ki-Zerbo, un colloque international plac\u00e9 sous le th\u00e8me : \u00ab De la cr\u00e9ation de la Haute-Volta \u00e0 la construction de l\u2019Etat-nation burkinab\u00e8 : le\u00e7ons et d\u00e9fis \u00bb. L\u2019objectif dudit colloque est de \u00ab\u00a0s\u2019approprier notre Histoire\u00a0\u00bb et l\u2019enseigner aux jeunes et enfants pour une meilleure connaissance de leur pays. L\u2019ouverture du colloque intervenue le 9 mars, s\u2019est d\u00e9roul\u00e9e en pr\u00e9sence du pr\u00e9sident du Faso, Roch Marc Christian Kabor\u00e9, du Premier ministre, Christophe Dabir\u00e9, et de plusieurs membres de son gouvernement.<\/strong><\/p>\n<p class=\"c4\"><em>Marquer une halte 100 ans apr\u00e8s pour mieux \u00ab cerner les circonstances de la cr\u00e9ation de notre pays \u00bb et r\u00e9fl\u00e9chir \u00ab\u00a0sur le processus de construction de notre Etat-nation\u00a0\u00bb. C\u2019est tout le sens de la tenue du colloque international dont les travaux ont d\u00e9but\u00e9 le 9 mars dernier, \u00e0 Ouagadougou. Durant quatre jours, les 37 communicateurs venus de six pays que sont la C\u00f4te d\u2019Ivoire, la France, le Mali, le Canada, les Etats-Unis et le Burkina Faso (23 communicateurs) vont d\u00e9cortiquer l\u2019Histoire pour une meilleure appropriation par les g\u00e9n\u00e9rations actuelles et celles futures. Pour le chef de l\u2019Etat, Roch Marc Kabor\u00e9, il est temps pour les Burkinab\u00e8 \u00a0de \u00ab\u00a0s\u2019approprier \u00a0leur Histoire parce qu\u2019il n\u2019y a pas d\u2019avenir dans un pays si cet avenir n\u2019est pas fond\u00e9 sur l\u2019Histoire et les le\u00e7ons \u00e0 en tirer\u00a0\u00bb. \u00ab\u00a0Aujourd\u2019hui, si vous demandez \u00e0 beaucoup de jeunes qu\u2019est-ce que l\u2019Histoire du Burkina Faso, personne ne sait de quoi il s\u2019agit\u00a0\u00bb, a d\u00e9plor\u00e9 le\u00a0chef de l\u2019Etat qui a soulign\u00e9 la n\u00e9cessit\u00e9 de r\u00e9\u00e9crire et d\u2019enseigner l\u2019histoire par nous-m\u00eames et de se l\u2019approprier. \u00ab Je crois que la r\u00e9\u00e9criture et l\u2019enseignement de cette Histoire par nous-m\u00eames et son appropriation est un \u00e9l\u00e9ment fondamental de la prise de conscience\u00a0 que nous appartenons \u00e0 un m\u00eame Etat, que nous devons d\u00e9fendre une m\u00eame Nation\u00bb, a-t-il affirm\u00e9, en invitant les scientifiques et les historiens burkinab\u00e8 et tous ceux qui le peuvent, \u00e0 \u00ab participer \u00e0 la reconstitution de cette Histoire \u00bb et faire en sorte qu\u2019au bout de cette ann\u00e9e, il y ait de quoi \u00e0 enseigner aux jeunes et aux enfants dans le cadre d\u2019une meilleure connaissance de leur pays. Car, a-t-il soutenu, le secret du succ\u00e8s des grandes puissances mondiales d\u2019aujourd\u2019hui se trouve dans leur histoire qu\u2019elles enseignent dans les \u00e9coles et universit\u00e9s.<\/em><\/p>\n<p class=\"c4\"><strong><em>La publication des actes du colloque envisag\u00e9e<\/em><\/strong><\/p>\n<p class=\"c4\"><em>Il faut noter que les r\u00e9sultats du colloque sont attendus par le minist\u00e8re de l\u2019Administration territoriale, de la d\u00e9centralisation et de la coh\u00e9sion sociale. \u00a0Pour le ministre d\u2019Etat, en charge de l\u2019Administration territoriale, Sim\u00e9on Sawadogo, le gouvernement accorde un int\u00e9r\u00eat particulier \u00e0 ce colloque dans la mesure o\u00f9 \u00ab la connaissance historique est essentielle \u00e0 la fois pour le peuple, pour sa jeunesse en particulier, et pour ses dirigeants\u00bb. \u00ab\u00a0Elle les \u00e9claire d\u2019un jour nouveau et leur permet d\u2019assurer leur destin, d\u2019\u00e9veiller et de motiver la conscience collective\u00bb, a d\u00e9clar\u00e9 le ministre Sawadogo. \u00ab\u00a0La volont\u00e9 d\u2019aller de l\u2019avant a toujours anim\u00e9 les Burkinab\u00e8 qui restent attach\u00e9s \u00e0 ce territoire qui est leur patrie\u00a0\u00bb, a-t-il soulign\u00e9 \u00a0 avant d\u2019ajouter\u00a0que\u00a0: \u00ab nous avons des valeurs culturelles \u00e0 d\u00e9fendre pour r\u00e9aliser une unit\u00e9 nationale et promouvoir la prosp\u00e9rit\u00e9 du Burkina Faso dans le concert des nations\u00bb.<\/em><br \/><em>\u00abL\u2019\u00e9volution de la politique coloniale de la France de la fin du 19e si\u00e8cle \u00e0 1919\u00a0\u00bb\u00a0, \u00ab\u00a0La gouvernance administrative de la France en Haute-Volta de 1919 \u00e0 1932 puis de la Haute C\u00f4te d\u2019Ivoire de 1933 \u00e0 1947\u00bb, \u00abL\u2019exploitation \u00e9conomique et l\u2019h\u00e9ritage colonial sur le plan social et la culture mat\u00e9rielle de 1919 \u00e0 1947\u00a0\u00bb et \u00ab L\u2019\u00e9mergence d\u2019une \u00e9lite africaine porteuse d\u2019une modernit\u00e9 certes, mais promotrice de la culture africaine \u00e0 travers la litt\u00e9rature et m\u00e9diatrice dans la construction du savoir technologique dans l\u2019entre-deux guerres\u00bb, sont les quatre axes autour desquels vont se d\u00e9rouler les \u00e9changes.<\/em><em>\u00ab A l\u2019issue du colloque, nous envisageons la publication de ses actes. Le comit\u00e9 scientifique se r\u00e9unira bient\u00f4t \u00e0 ce sujet et se fera appuyer par une \u00e9quipe d\u2019\u00e9valuateurs de la qualit\u00e9 des textes avant publication \u00bb, a rassur\u00e9 le pr\u00e9sident de la commission colloque et conf\u00e9rence, Pr Magloire Som\u00e9.<\/em><br \/><em>Ce colloque international est la premi\u00e8re d\u2019une s\u00e9rie d\u2019activit\u00e9s qui se d\u00e9rouleront dans toutes les r\u00e9gions du pays, dans le cadre de cette comm\u00e9moration. En effet, il est pr\u00e9vu des conf\u00e9rences r\u00e9gionales sur l\u2019histoire, la culture, les langues et les potentialit\u00e9s \u00e9conomiques de chaque r\u00e9gion. Bapt\u00eames de rues et d\u2019\u00e9difices publics dans chaque chef-lieu de r\u00e9gion, sensibilisation sur le vivre-ensemble, le patriotisme et le civisme, sont \u00e9galement au menu.<\/em><\/p>\n<p class=\"c4\"><strong><em>Colette DRABO<\/em><\/strong><\/p>\n<p>Auteur: Le Pays<br \/>\n<a href=\"http:\/\/lepays.bf\/centenaire-du-burkina-faso-les-historiens-burkinabe-invites-a-reecrire-lhistoire\/\">Cliquez ici pour lire l&rsquo;article depuis sa source.<\/a><\/p>\n","protected":false},"excerpt":{"rendered":"<p>Dans le cadre de la comm\u00e9moration du centenaire de la cr\u00e9ation de la Haute-Volta rebaptis\u00e9e Burkina Faso, il se tient, du 9 au 12 mars 2019, \u00e0 l\u2019Universit\u00e9 Ouaga 1 Pr Joseph Ki-Zerbo, un colloque international plac\u00e9 sous le th\u00e8me : \u00ab De la cr\u00e9ation de la Haute-Volta \u00e0 la construction de l\u2019Etat-nation burkinab\u00e8 : [&hellip;]<\/p>\n","protected":false},"author":1813,"featured_media":21024,"comment_status":"closed","ping_status":"closed","sticky":false,"template":"","format":"standard","meta":{"fifu_image_url":"","fifu_image_alt":"","footnotes":""},"categories":[73,81],"tags":[],"class_list":["post-21020","post","type-post","status-publish","format-standard","has-post-thumbnail","hentry","category-actualite","category-burkina-faso"],"_links":{"self":[{"href":"https:\/\/linitiative.ca\/International\/wp-json\/wp\/v2\/posts\/21020","targetHints":{"allow":["GET"]}}],"collection":[{"href":"https:\/\/linitiative.ca\/International\/wp-json\/wp\/v2\/posts"}],"about":[{"href":"https:\/\/linitiative.ca\/International\/wp-json\/wp\/v2\/types\/post"}],"author":[{"embeddable":true,"href":"https:\/\/linitiative.ca\/International\/wp-json\/wp\/v2\/users\/1813"}],"replies":[{"embeddable":true,"href":"https:\/\/linitiative.ca\/International\/wp-json\/wp\/v2\/comments?post=21020"}],"version-history":[{"count":0,"href":"https:\/\/linitiative.ca\/International\/wp-json\/wp\/v2\/posts\/21020\/revisions"}],"wp:featuredmedia":[{"embeddable":true,"href":"https:\/\/linitiative.ca\/International\/wp-json\/"}],"wp:attachment":[{"href":"https:\/\/linitiative.ca\/International\/wp-json\/wp\/v2\/media?parent=21020"}],"wp:term":[{"taxonomy":"category","embeddable":true,"href":"https:\/\/linitiative.ca\/International\/wp-json\/wp\/v2\/categories?post=21020"},{"taxonomy":"post_tag","embeddable":true,"href":"https:\/\/linitiative.ca\/International\/wp-json\/wp\/v2\/tags?post=21020"}],"curies":[{"name":"wp","href":"https:\/\/api.w.org\/{rel}","templated":true}]}}