{"id":21039,"date":"2019-03-10T19:00:00","date_gmt":"2019-03-10T23:00:00","guid":{"rendered":"https:\/\/linitiative.ca\/International\/commentaire-gouvernance\/"},"modified":"2019-03-10T19:00:00","modified_gmt":"2019-03-10T23:00:00","slug":"commentaire-gouvernance","status":"publish","type":"post","link":"https:\/\/linitiative.ca\/International\/commentaire-gouvernance\/","title":{"rendered":"Commentaire  : Gouvernance"},"content":{"rendered":"<p>Au-del\u00e0 de la motivation politique des manifestations que conna\u00eet actuellement le pays, ce mouvement pacifique men\u00e9 par des jeunes, essentiellement des universitaires, exprime beaucoup plus une exasp\u00e9ration par rapport \u00e0 la situation \u00e9conomique et sociale du pays. Il n\u2019est un secret pour personne, le pays demeure confront\u00e9 \u00e0 des difficult\u00e9s financi\u00e8res, en sus d\u2019\u00eatre fragilis\u00e9 par la baisse de ses r\u00e9serves de changes depuis le desserrement des cours de p\u00e9trole entam\u00e9 au second semestre de 2014. L\u2019\u00e9conomie o\u00f9 le p\u00e9trole repr\u00e9sente un quart du produit int\u00e9rieur brut (PIB), 98% des recettes en devises\u00a0 et plus de 95% des exportations globales, reste tr\u00e8s d\u00e9pendante de cette ressource dont les revenus ont drastiquement chut\u00e9 durant ces derni\u00e8res ann\u00e9es. Une cons\u00e9quence de la baisse de la production p\u00e9troli\u00e8re du pays, qui de surcro\u00eet, devra faire face \u00e0 sa propre demande interne du fait d\u2019une forte croissance de la consommation. Aujourd\u2019hui, admettent les experts, les v\u00e9ritables d\u00e9fis se posent en mati\u00e8re de planification \u00e9conomique car l\u2019absence de gouvernance \u00e0 ce niveau, soulignent-ils, ne fera que favoriser les lenteurs, voire les blocages dans la mise en \u0153uvre des r\u00e9formes structurelles telles que pr\u00e9vues dans l\u2019agenda du gouvernement. Une situation qui profite aussi \u00e0 l\u2019informel, d\u00e9courage les investisseurs et maintient l\u2019Alg\u00e9rie dans le statut de pays rentier et importateur. Un climat qui, en outre, n\u2019est pas fait pour soutenir la lutte contre la corruption ou encore les transferts illicites de capitaux au d\u00e9triment de l\u2019\u00e9conomie. Il va sans dire que notre pays fait face actuellement \u00e0 des enjeux politiques, mais la dynamique populaire exprime aussi un contenu \u00e9conomique. Par cons\u00e9quent, il y a lieu de jeter des ponts entre gouvernance politique, efficience \u00e9conomique, et coh\u00e9sion sociale. Et c\u2019est seulement \u00e0 ces conditions que l\u2019on pourra r\u00e9tablir les liens de confiance entre l\u2019Etat et le citoyen. Il ne suffit plus d\u2019\u00e9laborer des projections mais concevoir un mod\u00e8le de gouvernance pour une vision qui soit compatible avec la r\u00e9alit\u00e9 et les objectifs \u00e9conomiques du pays mais aussi avec les aspirations du peuple. Une entreprise qui, du reste, demeure tributaire de l\u2019efficacit\u00e9 et de la transparence des institutions charg\u00e9es de veiller \u00e0 la mise en place de cette transition.<br \/>D. Akila<\/p>\n<p>Auteur: elmoudjahid<br \/>\n<a href=\"http:\/\/www.elmoudjahid.com\/fr\/actualites\/134640\">Cliquez ici pour lire l&rsquo;article depuis sa source.<\/a><\/p>\n","protected":false},"excerpt":{"rendered":"<p>Au-del\u00e0 de la motivation politique des manifestations que conna\u00eet actuellement le pays, ce mouvement pacifique men\u00e9 par des jeunes, essentiellement des universitaires, exprime beaucoup plus une exasp\u00e9ration par rapport \u00e0 la situation \u00e9conomique et sociale du pays. Il n\u2019est un secret pour personne, le pays demeure confront\u00e9 \u00e0 des difficult\u00e9s financi\u00e8res, en sus d\u2019\u00eatre fragilis\u00e9 [&hellip;]<\/p>\n","protected":false},"author":1744,"featured_media":0,"comment_status":"closed","ping_status":"closed","sticky":false,"template":"","format":"standard","meta":{"fifu_image_url":"","fifu_image_alt":"","footnotes":""},"categories":[73,53],"tags":[],"class_list":["post-21039","post","type-post","status-publish","format-standard","hentry","category-actualite","category-algerie"],"_links":{"self":[{"href":"https:\/\/linitiative.ca\/International\/wp-json\/wp\/v2\/posts\/21039","targetHints":{"allow":["GET"]}}],"collection":[{"href":"https:\/\/linitiative.ca\/International\/wp-json\/wp\/v2\/posts"}],"about":[{"href":"https:\/\/linitiative.ca\/International\/wp-json\/wp\/v2\/types\/post"}],"author":[{"embeddable":true,"href":"https:\/\/linitiative.ca\/International\/wp-json\/wp\/v2\/users\/1744"}],"replies":[{"embeddable":true,"href":"https:\/\/linitiative.ca\/International\/wp-json\/wp\/v2\/comments?post=21039"}],"version-history":[{"count":0,"href":"https:\/\/linitiative.ca\/International\/wp-json\/wp\/v2\/posts\/21039\/revisions"}],"wp:attachment":[{"href":"https:\/\/linitiative.ca\/International\/wp-json\/wp\/v2\/media?parent=21039"}],"wp:term":[{"taxonomy":"category","embeddable":true,"href":"https:\/\/linitiative.ca\/International\/wp-json\/wp\/v2\/categories?post=21039"},{"taxonomy":"post_tag","embeddable":true,"href":"https:\/\/linitiative.ca\/International\/wp-json\/wp\/v2\/tags?post=21039"}],"curies":[{"name":"wp","href":"https:\/\/api.w.org\/{rel}","templated":true}]}}