{"id":21052,"date":"2019-03-11T14:40:48","date_gmt":"2019-03-11T18:40:48","guid":{"rendered":"https:\/\/linitiative.ca\/International\/me-hermann-yameogo-president-de-lundd-notre-pays-est-un-etat-quasiment-failli\/"},"modified":"2019-03-11T14:40:48","modified_gmt":"2019-03-11T18:40:48","slug":"me-hermann-yameogo-president-de-lundd-notre-pays-est-un-etat-quasiment-failli","status":"publish","type":"post","link":"https:\/\/linitiative.ca\/International\/me-hermann-yameogo-president-de-lundd-notre-pays-est-un-etat-quasiment-failli\/","title":{"rendered":"Me HERMANN YAMEOGO, PRESIDENT DE L\u2019UNDD  :   \u00ab Notre pays est un Etat quasiment failli \u00bb"},"content":{"rendered":"<p><img decoding=\"async\" class=\"post_layout_5_img\" src=\"http:\/\/lepays.bf\/wp-content\/uploads\/2019\/03\/01-7.jpg\" alt=\"Me HERMANN YAMEOGO, PRESIDENT DE L\u2019UNDD : \u00ab Notre pays est un Etat quasiment failli \u00bb\"\/><\/p>\n<p><strong>\u00a0<\/strong><\/p>\n<p class=\"c4\"><em><strong>A la demande du vice-pr\u00e9sident de l\u2019Union nationale pour la d\u00e9mocratie et le d\u00e9veloppement (UNDD), les militants et cadres de ce parti ont organis\u00e9, \u00a0le 9 mars 2019 \u00e0 Ouagadougou, une rencontre d\u2019encouragement\u00a0 au pr\u00e9sident du parti, Hermann Yam\u00e9ogo, et d\u2019interpellation sur la situation nationale.\u00a0 Au cours de cette rencontre \u00e0 laquelle ont assist\u00e9 des responsables d\u2019autres partis politiques, le pr\u00e9sident Hermann Yam\u00e9ogo a indiqu\u00e9 que le pays est en \u00ab\u00a0guerre contre les m\u00e9sententes internes\u00a0\u00bb et le camp du pr\u00e9sident de l\u2019Assembl\u00e9e nationale cause des probl\u00e8mes au pays. A l\u2019entendre, \u00ab\u00a0c\u2019est la tristesse absolue quand on voit la situation du pays\u00a0\u00bb et il appelle de ce fait \u00e0 \u00ab\u00a0faire autrement la politique\u00a0\u00bb.<\/strong><\/em><\/p>\n<p><strong>\u00a0<\/strong><\/p>\n<p class=\"c4\">\u00ab\u00a0<em>Quand on\u00a0 s\u2019engage en politique et surtout dans nos contr\u00e9es, il faut\u00a0 savoir int\u00e9grer\u00a0 dans son action, la dimension de la prison et m\u00eame de la mort\u00a0<\/em>\u00bb.\u00a0 Ces propos de celui qui a dit \u00ab\u00a0<em>\u00eatre n\u00e9 dans la politique\u00a0<\/em>\u00bb et qui \u00ab\u00a0<em>vit, comme d\u2019autres, depuis 5 ans, les pires ingratitudes de l\u2019engagement politique\u00a0<\/em>\u00bb, ont \u00e9t\u00e9 suivis par des mots de reconnaissance \u00e0 l\u2019assistance, en cette matin\u00e9e du 9 mars 2019, \u00e0 savoir\u00a0: \u00a0\u00ab\u00a0<em>ce que je dois aussi dire, en vous regardant, c\u2019est que, pris dans les mailles de l\u2019adversit\u00e9, confront\u00e9 \u00e0 la prison comme au d\u00e9fi du tr\u00e9pas, les t\u00e9moignages de sympathie comme ce que je vis en ce moment, aident\u00a0 \u00e0 supporter ces cruels impond\u00e9rables de la vie politique et surtout \u00e0 rester riv\u00e9 sur les valeurs\u00a0<\/em>\u00bb. Des marques de solidarit\u00e9 et de compassion qui l\u2019ont gard\u00e9 invariable dans ses convictions, selon ses mots. \u00ab\u00a0<em>L\u2019union fait la force, les victoires se gagnent dans la solidarit\u00e9 et non dans le r\u00eave thaumaturgique\u00a0<\/em>\u00bb, a fait comprendre l\u2019orateur qui a voulu tenir un langage cru, dit-il, sans ambition autre que la sauvegarde du vivre-ensemble, en appelant \u00e0 rompre avec\u00a0 la pr\u00e9dilection \u00e0 privil\u00e9gier les luttes primaires \u00e0 celles contre l\u2019adversaire commun. \u00a0\u00ab\u00a0<em>Laissons de c\u00f4t\u00e9 les faux- semblants, les \u00e9go\u00efsmes, les autol\u00e2tries et montrons-nous capables d\u2019empathie sociale pour satisfaire les attentes de r\u00e9tributions sociales dont le pays a si besoin\u00a0<\/em>\u00bb, a lanc\u00e9 le pr\u00e9sident de l\u2019UNDD qui a requis \u00e0 cet effet\u00a0 qu\u2019on d\u00e9veloppe \u00ab\u00a0<em>une contre-culture qui attestera de notre r\u00e9elle volont\u00e9 d\u2019avoir dor\u00e9navant le peuple pour boussole, pour ambition au-del\u00e0 de nos propres personnes\u00a0<\/em>\u00bb. \u00a0En finir d\u00e9finitivement avec le sectarisme, la d\u00e9marcation physique, l\u2019exclusion\u00a0 ou l\u2019intol\u00e9rance, c\u2019est ce qu\u2019a demand\u00e9 Me Hermann Yam\u00e9ogo, indiquant avec pr\u00e9cisions\u00a0: \u00ab\u00a0<em>Ne retombons pas\u00a0 d\u2019un exc\u00e8s dans l\u2019autre, d\u2019un sectarisme id\u00e9ologique, politique et social dans un sectarisme ethnique, religieux ou g\u00e9n\u00e9rationnel\u00a0<\/em>\u00bb.<\/p>\n<p class=\"c4\">Avant d\u2019arriver aux \u00e9lections de 2020,\u00a0 l\u2019on doit s\u00e9curiser le processus \u00e9lectoral et surtout le peuple, de son point de vue. \u00ab\u00a0<em>Un peuple qui se meurt, diss\u00e9min\u00e9 par les djihadistes, les intol\u00e9rances de toutes sortes et par\u00a0 ce refus coupable du pouvoir d\u2019accepter les mesures d\u00e9fensives et curatives offertes pour mieux le prot\u00e9ger\u00a0<\/em>\u00bb.\u00a0 Pour l\u2019homme politique qu\u2019il est, <em>\u00ab\u00a0notre pays est un Etat quasiment failli\u00a0<\/em>\u00bb. Ce qui explique qu\u2019il soit devenu\u00a0 \u00ab\u00a0<em>une proie facile pour les djihadistes\u00a0<\/em>\u00bb, \u00e0 l\u2019entendre.\u00a0 Pour lui donc, la seule guerre l\u00e9gitime et prioritaire \u00e0 mener, c\u2019est celle de la reconqu\u00eate de la paix et de la concorde nationale. Une guerre\u00a0 qui repose sur des combats cruciaux sur deux fronts, selon lui\u00a0: celui g\u00e9n\u00e9ral de l\u2019ordre public,\u00a0 de la paix et de la concorde nationale et celui particulier de l\u2019ordre politique\u00a0 et de la l\u00e9gitimation\u00a0 \u00e9lectorale. Parlant du front g\u00e9n\u00e9ral de l\u2019ordre public national, Hermann Yam\u00e9ogo a indiqu\u00e9 que cela concerne l\u2019ensemble des maux qui touchent \u00e0 la substance de la nation, aux bases de l\u2019Etat, \u00e0 la Justice, \u00e0 la s\u00e9curit\u00e9, \u00e0 l\u2019\u00e9conomie, \u00e0 l\u2019\u00e9ducation, \u00e0 la morale, la sant\u00e9,\u00a0 aux droits\u00a0 et aux libert\u00e9s essentielles de chaque individu. Sans le respect et la protection de ces \u00e9l\u00e9ments qui touchent \u00e0 la \u00ab\u00a0<em>raison d\u2019\u00eatre de l\u2019Etat\u00a0<\/em>\u00bb, il n\u2019y a pas de vie en collectivit\u00e9 globale organis\u00e9e, harmonieuse et durable, foi de l\u2019avocat pr\u00e9sident de parti. Son constat\u00a0: le pays est \u00e9prouv\u00e9 sur tous ces aspects, \u00e0 l\u2019entendre\u00a0: gangr\u00e8ne de l\u2019ins\u00e9curit\u00e9 voire l\u2019occupation de grandes portions du territoire en raison de la guerre, par l\u2019ethnicisme violent, le profond malaise \u00e9conomique, la d\u00e9stabilisation de la justice, l\u2019\u00e9rosion des libert\u00e9s\u00a0 dont celle d\u2019information.<\/p>\n<p><strong><em>Face au d\u00e9litement de la coh\u00e9sion nationale, les contre-pouvoirs devant leurs responsabilit\u00e9s<\/em><\/strong><\/p>\n<p><strong><em>\u00a0<\/em><\/strong><\/p>\n<p class=\"c4\">Dans une telle situation de l\u2019Etat, \u00ab\u00a0<em>le go\u00fbt de la batifole \u00e9lectorale, pour un patriote, ne devrait que s\u2019\u00e9mousser quelque peu, en principe\u00a0<\/em>\u00bb, \u00e0 son avis. L\u2019ordre politique et de la l\u00e9gitimation \u00e9lectorale est doublement menac\u00e9 par la rupture constat\u00e9e et argument\u00e9e des \u00e9quilibres de l\u2019Etat et la mauvaise conduite actuelle du processus \u00e9lectoral, selon les pr\u00e9cisions du patron de l\u2019UNDD. Ce qui pose en soi une possible hypoth\u00e8que sur les \u00e9lections \u00e0 venir, \u00e0 son avis. Et d\u2019indiquer que le consensus est loin d\u2019\u00eatre trouv\u00e9 entre le pouvoir et les partis politiques d\u2019opposition, entre l\u2019Etat et les Burkinab\u00e8 de l\u2019ext\u00e9rieur. Ajout\u00e9 \u00e0 cela les retards accus\u00e9s dans le processus \u00e9lectoral, les incertitudes au sujet de la mobilisation\u00a0 des ressources, le tout faisant peser des craintes sur un report des scrutins de 2020, ind\u00e9pendamment des contraintes li\u00e9es \u00e0 l\u2019ordre public national, selon Hermann Yam\u00e9ogo. Pendant ce temps, constate-t-il, \u00ab\u00a0<em>le souci premier en face n\u2019est pas le peuple et la s\u00e9curit\u00e9 collective, mais les pr\u00e9occupations partisanes, la consolidation\u00a0 et la conservation vaille que vaille du pouvoir\u00a0<\/em>\u00bb. Relevant ainsi, dit-il, la profondeur du mal et l\u2019urgence du sursaut g\u00e9n\u00e9ral. Les conditions sont aujourd\u2019hui r\u00e9unies pour une r\u00e9volution, un rejet conscient, global et organis\u00e9 de tout un r\u00e9gime et de sa gouvernance, a-t-il martel\u00e9.\u00a0\u00a0 Pour pr\u00e9venir l\u2019oppression et y r\u00e9sister, pour gagner la guerre par l\u2019acquisition de l\u2019arme imparable de la r\u00e9conciliation nationale, il faut interpeller, confesse-t-il. A commencer par le Pr\u00e9sident du Faso, \u00ab\u00a0<em>l\u2019oblig\u00e9 du peuple\u00a0<\/em>\u00bb, dit-il, \u00ab\u00a0<em>\u00e9lu \u00e0 un scrutin limit\u00e9 par l\u2019apartheid \u00e9lectoral r\u00e9alis\u00e9 gr\u00e2ce \u00e0 la loi Sy Ch\u00e9rif\u00a0<\/em>\u00bb. Un pr\u00e9sident qui devrait s\u2019inscrire, \u00e0 son avis, \u00e0 l\u2019\u00e9cole de la r\u00e9conciliation nationale. \u00ab\u00a0<em>Au lieu d\u2019avoir le r\u00e9flexe de paix et de concorde nationale, le pr\u00e9sident Roch Marc Christian Kabor\u00e9 prend comme alibi la guerre contre les terroristes, l\u2019\u00e9tat d\u2019urgence, les pr\u00e9tendues complicit\u00e9s nationales avec les djihadistes, pour installer le pays dans un Etat d\u2019exception soutenu par une justice d\u2019exception\u00a0<\/em>\u00bb, a d\u00e9plor\u00e9 Hermann Yam\u00e9ogo. \u00a0Pour lui, les contre-pouvoirs sont plac\u00e9s devant leurs responsabilit\u00e9s citoyennes. Et l\u00e0, l\u2019opposition politique, la Soci\u00e9t\u00e9 civile, les coutumiers et religieux, et m\u00eame l\u2019Arm\u00e9e sont interpell\u00e9s par Hermann Yam\u00e9ogo qui a compl\u00e9t\u00e9 sa liste interpellatrice par les partenaires du Burkina, et principalement la France, qui portent, selon lui, une part de responsabilit\u00e9 dans le drame\u00a0 que nous vivons au Burkina, en se taisant, explique-t-il,\u00a0 sur le recul d\u00e9mocratique d\u00fb \u00e0 l\u2019insurrection\/coup d\u2019Etat et au syst\u00e8me d\u2019exclusion de la Transition. Face \u00e0 ce qu\u2019il consid\u00e8re comme <em>\u00ab\u00a0le d\u00e9litement historique en marche de la coh\u00e9sion nationale, des bases de la r\u00e9publique et des fondements m\u00eames de l\u2019Etat\u00a0<\/em>\u00bb, les Burkinab\u00e8 doivent s\u2019engager , \u00e0 son avis, \u00e0 transcender leurs gu\u00e9guerres traditionnelles, pour, dit-il, donner \u00e0 l\u2019union sacr\u00e9e sa pleine mesure.<\/p>\n<p><strong>Lonsani SANOGO<\/strong><\/p>\n<p><strong>\u00a0<\/strong><\/p>\n<p><strong>Ces torts que le camp de Bala Sakand\u00e9 cause \u00e0 la nation<\/strong><\/p>\n<p><strong>\u00a0<\/strong><\/p>\n<p class=\"c4\"><em>A l\u2019endroit du pr\u00e9sident de l\u2019Assembl\u00e9e nationale, Bala Sakand\u00e9, il a indiqu\u00e9 que \u00ab\u00a0la peur ne peut jamais t\u00e9taniser le camp des justes\u00a0\u00bb et s\u2019il y a un mauvais camp, dit-il, c\u2019est bien celui dans lequel il se trouve. \u00ab\u00a0Les torts caus\u00e9s par ce camp \u00e0 la nation sont tels que la responsabilit\u00e9 du Pr\u00e9sident du Faso est d\u2019ores et d\u00e9j\u00e0 engag\u00e9e\u00a0\u00bb, a-t-il tir\u00e9 la sonnette d\u2019alarme.\u00a0 \u00ab\u00a0Nous aurons tous besoin d\u2019encouragements devant ces discours nazis qui pleuvent au sein du parlement comme \u00e0 la veille de la s\u00e9pulcrale nuit de cristal ou de la tout autant macabre nuit des longs couteaux, face \u00e0 tous ces sombres nuages qui obscurcissent d\u00e8s \u00e0 pr\u00e9sent l\u2019horizon national\u00a0\u00bb, a annonc\u00e9 le pr\u00e9sident de l\u2019UNDD.<\/em><\/p>\n<p><strong>\u00a0<\/strong><\/p>\n<p><strong>\u00a0<\/strong><\/p>\n<p><strong>\u00a0<\/strong><\/p>\n<p class=\"c4\">\u00ab\u00a0<em>A 17 ans, j\u2019\u00e9tais devant un tribunal d\u2019exception. Devant une juridiction d\u2019exception\u00a0 comme le tribunal militaire, c\u2019est le pouvoir qui d\u00e9cide\u00a0<\/em>\u00bb.Ce r\u00e9gime de Roch Marc Kabor\u00e9 laisse des ambassadeurs venir nous dicter la conduite \u00e0 tenir. Ils sont aussi responsables de ce qui nous arrive.<\/p>\n<p>Auteur: Le Pays<br \/>\n<a href=\"http:\/\/lepays.bf\/me-hermann-yameogo-president-de-lundd-notre-pays-est-un-etat-quasiment-failli\/\">Cliquez ici pour lire l&rsquo;article depuis sa source.<\/a><\/p>\n","protected":false},"excerpt":{"rendered":"<p>\u00a0 A la demande du vice-pr\u00e9sident de l\u2019Union nationale pour la d\u00e9mocratie et le d\u00e9veloppement (UNDD), les militants et cadres de ce parti ont organis\u00e9, \u00a0le 9 mars 2019 \u00e0 Ouagadougou, une rencontre d\u2019encouragement\u00a0 au pr\u00e9sident du parti, Hermann Yam\u00e9ogo, et d\u2019interpellation sur la situation nationale.\u00a0 Au cours de cette rencontre \u00e0 laquelle ont assist\u00e9 [&hellip;]<\/p>\n","protected":false},"author":1813,"featured_media":21060,"comment_status":"closed","ping_status":"closed","sticky":false,"template":"","format":"standard","meta":{"fifu_image_url":"","fifu_image_alt":"","footnotes":""},"categories":[73,81],"tags":[],"class_list":["post-21052","post","type-post","status-publish","format-standard","has-post-thumbnail","hentry","category-actualite","category-burkina-faso"],"_links":{"self":[{"href":"https:\/\/linitiative.ca\/International\/wp-json\/wp\/v2\/posts\/21052","targetHints":{"allow":["GET"]}}],"collection":[{"href":"https:\/\/linitiative.ca\/International\/wp-json\/wp\/v2\/posts"}],"about":[{"href":"https:\/\/linitiative.ca\/International\/wp-json\/wp\/v2\/types\/post"}],"author":[{"embeddable":true,"href":"https:\/\/linitiative.ca\/International\/wp-json\/wp\/v2\/users\/1813"}],"replies":[{"embeddable":true,"href":"https:\/\/linitiative.ca\/International\/wp-json\/wp\/v2\/comments?post=21052"}],"version-history":[{"count":0,"href":"https:\/\/linitiative.ca\/International\/wp-json\/wp\/v2\/posts\/21052\/revisions"}],"wp:featuredmedia":[{"embeddable":true,"href":"https:\/\/linitiative.ca\/International\/wp-json\/"}],"wp:attachment":[{"href":"https:\/\/linitiative.ca\/International\/wp-json\/wp\/v2\/media?parent=21052"}],"wp:term":[{"taxonomy":"category","embeddable":true,"href":"https:\/\/linitiative.ca\/International\/wp-json\/wp\/v2\/categories?post=21052"},{"taxonomy":"post_tag","embeddable":true,"href":"https:\/\/linitiative.ca\/International\/wp-json\/wp\/v2\/tags?post=21052"}],"curies":[{"name":"wp","href":"https:\/\/api.w.org\/{rel}","templated":true}]}}