{"id":21053,"date":"2019-03-11T06:00:16","date_gmt":"2019-03-11T10:00:16","guid":{"rendered":"https:\/\/linitiative.ca\/International\/des-fissures-en-serie-chez-les-allies-du-pouvoir\/"},"modified":"2019-03-11T06:00:16","modified_gmt":"2019-03-11T10:00:16","slug":"des-fissures-en-serie-chez-les-allies-du-pouvoir","status":"publish","type":"post","link":"https:\/\/linitiative.ca\/International\/des-fissures-en-serie-chez-les-allies-du-pouvoir\/","title":{"rendered":"Des fissures en s\u00e9rie chez les alli\u00e9s du pouvoir"},"content":{"rendered":"<h4 class=\"title-14\"\/>\n<div class=\"featured_image\"><img width=\"1200\" height=\"800\" data-cfsrc=\"https:\/\/www.elwatan.com\/wp-content\/uploads\/2019\/03\/Sans-titre-1-46.gif\" class=\"attachment-post-thumbnail size-post-thumbnail wp-post-image c1\" alt=\"\"\/><noscript><\/p>\n<p><img loading=\"lazy\" decoding=\"async\" width=\"1200\" height=\"800\" src=\"https:\/\/www.elwatan.com\/wp-content\/uploads\/2019\/03\/Sans-titre-1-46.gif\" class=\"attachment-post-thumbnail size-post-thumbnail wp-post-image\" alt=\"\"\/><\/p>\n<p><\/noscript><\/div>\n<p class=\"p1\"><span class=\"s1\">Depuis la premi\u00e8re marche du 22 f\u00e9vrier dernier contre le 5<\/span><span class=\"s2\"><sup>e<\/sup><\/span> <span class=\"s1\">mandat, des remous secouent la sc\u00e8ne \u00e9conomique et syndicale. D\u00e9missions, d\u00e9fections et menaces de gr\u00e8ves. Certains le font pour montrer leur adh\u00e9sion au mouvement populaire en marche. D\u2019autres le font en pr\u00e9vision des cons\u00e9quences qu\u2019aura le changement sur leurs affaires \u2013 qui ont bien prosp\u00e9r\u00e9 durant le r\u00e8gne de Bouteflika \u2013 avec la pression de la rue de plus en plus forte.<\/span><\/p>\n<p class=\"p1\"><span class=\"s1\"><strong>U<\/strong><\/span><span class=\"s2\">ne pression qui a fini par faire reculer certaines t\u00eates des pro-pouvoir. Le temps n\u2019est plus \u00e0 la proximit\u00e9 avec le clan pr\u00e9sidentiel, mais au ralliement \u00e0 ce grandiose mouvement de protestation pacifique pour le d\u00e9gommage du syst\u00e8me politique en place, alors qu\u2019il y a moins de deux mois, l\u2019appui \u00e0 la candidature du pr\u00e9sident sortant pour un 5<\/span><span class=\"s3\"><sup>e<\/sup><\/span> <span class=\"s2\">mandat \u00e9tait clairement affich\u00e9e.<\/span><\/p>\n<p class=\"p1\"><span class=\"s2\">D\u00e9but f\u00e9vrier, l\u2019Union g\u00e9n\u00e9rale des travailleurs alg\u00e9riens (UGTA) et le Forum des chefs d\u2019entreprises (FCE) avaient d\u00e9clar\u00e9 leur soutien \u00e0 Bouteflika, le d\u00e9signant comme leur candidat \u00e0 l\u2019\u00e9lection pr\u00e9sidentielle, mettant en exergue le travail accompli durant ses pr\u00e9c\u00e9dents mandats. Une r\u00e9action d\u00e9j\u00e0 affich\u00e9e bien avant l\u2019annonce de la date de l\u2019\u00e9lection.<\/span><\/p>\n<p class=\"p1\"><span class=\"s2\">D\u2019autres organisations patronales, consid\u00e9r\u00e9es \u00e9galement comme partenaires du gouvernement lors des diff\u00e9rentes tripartites, ont \u00e9galement pris la m\u00eame position, c\u2019est-\u00e0-dire le soutien ind\u00e9fectible \u00e0 Bouteflika. Avec les derniers d\u00e9veloppements de la situation et le soul\u00e8vement populaire, les cartes sont vite brouill\u00e9es, et place alors au retournement, m\u00eame si certains acteurs ne se sont pas encore prononc\u00e9s clairement sur la question, nous donnant des r\u00e9ponses \u00e0 demi-mot. Ils veulent co\u00fbte que co\u00fbte pr\u00e9server leurs int\u00e9r\u00eats en adoptant le \u00abwait and see\u00bb.<\/span><\/p>\n<p class=\"p1\"><strong><span class=\"s2\">Agitation, malaise\u2026<\/span><\/strong><\/p>\n<p class=\"p1\"><span class=\"s2\">Du c\u00f4t\u00e9 du FCE, la semaine du 1<\/span><span class=\"s3\"><sup>er<\/sup><\/span> <span class=\"s2\">au 8 mars, deux dates symboliques du mouvement populaire ont \u00e9t\u00e9 fortement agit\u00e9es apr\u00e8s l\u2019annonce du d\u00e9part de trois patrons. Mohamed Arezki Aberkane, Hassan Khelifati et La\u00efd Benamor \u00e9taient les premiers, avec Madjid Meddahi, patron de Granitex, \u00e0 quitter les rangs de cette organisation patronale proche du pouvoir, avant d\u2019\u00eatre rejoints par d\u2019autres hommes d\u2019affaires.<\/span><\/p>\n<p class=\"p1\"><span class=\"s1\"><strong>A<\/strong><\/span><span class=\"s2\">u total, on parle de neuf d\u00e9missions, dont celles de Mohamed Arezki Aberkane, PDG de SPA Sogemetal, celle de Madjid Meddahi, de Granitex, ainsi que d\u2019autres membres honoraires \u00e0 l\u2019\u00e9tranger, notamment en Russie et en Allemagne. Mais les chiffres seraient beaucoup plus importants, une centaine en Alg\u00e9rie et une cinquantaine \u00e0 l\u2019\u00e9tranger, selon une source proche du dossier qui nous avouera : <em>\u00abOn ne le dit pas, mais le d\u00e9part du secr\u00e9taire g\u00e9n\u00e9ral du FCE, Boumedi\u00e8ne Derkaoui, s\u2019explique par le fait qu\u2019on l\u2019a emp\u00each\u00e9 de donner ces chiffres.\u00bb<\/em><\/span><\/p>\n<p class=\"p1\"><span class=\"s2\">C\u2019est dire le malaise qui r\u00e8gne au FCE, affect\u00e9 encore par une dissension avec la cr\u00e9ation d\u2019un FCE dit \u00abFCE originel\u00bb, dont les initiateurs ont rendu publique le 5 mars une d\u00e9claration annon\u00e7ant leur appui au mouvement populaire. <em>\u00abLe FCE originel ne peut rester sourd \u00e0 l\u2019expression populaire \u00e0 laquelle il adh\u00e8re compl\u00e8tement\u00bb<\/em>, peut-on lire dans ledit document. D\u2019embl\u00e9e, cette sortie a \u00e9t\u00e9 d\u00e9cri\u00e9e par Hassan Khelifati.<\/span><\/p>\n<p class=\"p1\"><span class=\"s2\"><em>\u00abQu\u2019ils assument d\u2019abord le bilan de Ali Haddad avant de lancer une telle initiative\u00bb<\/em>, plaidant dans le m\u00eame sillage pour la tenue d\u2019une assembl\u00e9e g\u00e9n\u00e9rale inclusive pour d\u00e9battre de tout ce qui a \u00e9t\u00e9 fait au cours de ces derni\u00e8res ann\u00e9es et de d\u00e9cider des \u00e9tapes \u00e0 suivre \u00e0 l\u2019avenir, de mani\u00e8re \u00e0 apporter des changements profonds au sein du forum.<\/span><\/p>\n<p class=\"p1\"><span class=\"s2\">Et ce, d\u2019autant que Khelifati se consid\u00e8re toujours comme membre du FCE. <em>\u00abJ\u2019ai juste gel\u00e9 mon appartenance\u00bb<\/em>, nous pr\u00e9cisera-t-il. Ce n\u2019est pas le cas de Abdelmadjid Ouadah, qui a claqu\u00e9 la porte du FCE en octobre 2017 pour d\u00e9noncer la gestion opaque des cotisations, et de Slim Othmani, dont la d\u00e9mission remonte \u00e0 2014, \u00e0 la veille de la pr\u00e9sidentielle. Il n\u2019avait pas cautionn\u00e9 le soutien au quatri\u00e8me mandat de Bouteflika. Aujourd\u2019hui, il \u00e9met des critiques \u00e0 l\u2019\u00e9gard de ceux qui ont choisi de partir et de ceux qui ont lanc\u00e9 le FCE originel.<\/span><\/p>\n<p class=\"p1\"><strong><span class=\"s2\">La guerre des int\u00e9r\u00eats<\/span><\/strong><\/p>\n<p class=\"p1\"><span class=\"s2\"><em>\u00abCeux qui ont d\u00e9missionn\u00e9 ont beaucoup plus peur pour leurs int\u00e9r\u00eats qu\u2019autre chose, alors que le groupe qui a cr\u00e9\u00e9 le FCE originel a opt\u00e9 de travailler dans l\u2019informel\u00bb<\/em>, nous r\u00e9sumera-t-il. Et de poursuivre : <em>\u00abQuand on a un patronat et que subitement, il y a un groupe qui se dit patronat originel, c\u2019est une mani\u00e8re de se reproduire encore dans l\u2019informel, \u00e0 travers cette d\u00e9marche.\u00bb<\/em> Pour le PDG de NCA Rouiba, cette d\u00e9marche n\u2019est qu\u2019une mani\u00e8re de sous-estimer la maturit\u00e9 du peuple. <em>\u00abIls pensent qu\u2019il y aura des r\u00e8glements de comptes apr\u00e8s le changement revendiqu\u00e9.<\/em><\/span><\/p>\n<p class=\"p1\"><span class=\"s2\"><em>Or, le peuple alg\u00e9rien n\u2019est pas dans cette logique, il veut tourner la page, aller vers une Alg\u00e9rie coh\u00e9rente dans l\u2019int\u00e9r\u00eat des Alg\u00e9riens, de l\u2019Alg\u00e9rie, du Maghreb, du bassin m\u00e9diterran\u00e9en et de l\u2019Europe\u00bb<\/em>, expliquera M. Othmani, non sans rappeler que la logique des int\u00e9r\u00eats d\u2019un clan a toujours prim\u00e9 sur celle du pays. Les patrons affichent en effet des positions qui, souvent, changent en fonction de leurs calculs.<\/span><\/p>\n<p class=\"p1\"><span class=\"s2\">Ce que tentent justement de sauvegarder les autres organisations patronales, \u00e0 l\u2019image de la Conf\u00e9d\u00e9ration alg\u00e9rienne du patronat (CAP). Son pr\u00e9sident, Boualem M\u2019Rakech, ne veut pas afficher sa position dans cette lutte pour le d\u00e9part du syst\u00e8me. Il se contentera de dire : <em>\u00abIl faut prot\u00e9ger les principes r\u00e9publicains de l\u2019Alg\u00e9rie. Nous sommes dans une situation difficile.<\/em><\/span><\/p>\n<p class=\"p1\"><span class=\"s2\"><em>La stabilit\u00e9 et la coh\u00e9sion passent avant tout\u00bb<\/em>, rappelant que la CAP s\u2019inscrit dans une d\u00e9marche qui est la d\u00e9fense de l\u2019entreprise. D\u2019o\u00f9, selon lui, cette n\u00e9cessit\u00e9 de privil\u00e9gier le dialogue pour se d\u00e9tacher de la rente. <em>\u00abL\u2019enjeu est de se brancher r\u00e9ellement \u00e0 la locomotive du d\u00e9veloppement. Nous avons la possibilit\u00e9 de le faire en mettant \u00e0 profit toutes les forces. Que les autres partent se reposer\u00bb<\/em>, l\u00e2chera-t-il en conclusion.<\/span><\/p>\n<p class=\"p1\"><span class=\"s2\">Du c\u00f4t\u00e9 de la Conf\u00e9d\u00e9ration g\u00e9n\u00e9rale des entrepreneurs alg\u00e9riennes (CGEA), c\u2019est \u00e9galement l\u2019h\u00e9sitation. Contact\u00e9 \u00e0 cet effet, Abdelaziz Yousfi, repr\u00e9sentant de cette organisation plaidera juste pour le changement des m\u00e9thodes de travail, \u201cpour aller dans le sens du d\u00e9veloppement socio-\u00e9conomique\u201d, pr\u00e9cisera t il. Il est clair que quand les int\u00e9r\u00eats sont en jeu, il est difficile d\u2019afficher une position.<\/span><\/p>\n<p class=\"p1\"><span class=\"s2\">Parall\u00e8lement, pour l\u2019UGTA, sa direction s\u2019est inscrite depuis longtemps dans l\u2019option du cinqui\u00e8me mandat, d\u00e9fiant les travailleurs qui rejettent cat\u00e9goriquement ce choix . Elles sont, en effet nombreuses les sections syndicales de l\u2019UGTA \u00e0 avoir d\u00e9nonc\u00e9 fortement cette position \u00e0 travers des mouvements de protestation. C\u2019est le cas \u00e0 titre illsutratif des travailleurs affili\u00e9s \u00e0 l\u2019UGTA de l\u2019Eniem (Entreprise nationale des industries \u00e9lectrom\u00e9nag\u00e8res) et de l\u2019Union locale de la zone industrielle de Rouiba.<\/span><\/p>\n<p class=\"p1\"><span class=\"s2\">Dans des d\u00e9clarations rendues publiques la semaine derni\u00e8re, les travailleurs ont salu\u00e9 <em>\u00able caract\u00e8re pacifique, fraternel et responsable des manifestations\u00bb<\/em>. De m\u00eame qu\u2019ils ont revendiqu\u00e9 le changement du syst\u00e8me. <em>\u00abNous d\u00e9clarons que l\u2019UGTA ne doit pas s\u2019inscrire en porte-\u00e0-faux avec l\u2019histoire et doit exprimer l\u2019adh\u00e9sion des travailleurs aux aspirations de la nation au changement pour une vie meilleure.<\/em><\/span><\/p>\n<p class=\"p1\"><span class=\"s2\"><em>C\u2019est pour cela que nous demandons une r\u00e9union d\u2019urgence de la commission ex\u00e9cutive nationale, instance supr\u00eame entre deux congr\u00e8s, pour d\u00e9battre de la situation et prendre une position claire dans l\u2019int\u00e9r\u00eat du pays, des travailleurs et de l\u2019UGTA\u00bb<\/em>, \u00e9crit l\u2019Union locale de Rouiba dans sa d\u00e9claration et en ce moment o\u00f9 les syndicats autonomes brandissent d\u00e9j\u00e0 la menace de la gr\u00e8ve.<\/span><\/p>\n<p class=\"p1\"><span class=\"s2\">C\u2019est dire la profondeur du malaise. Ce que reconna\u00eetra Amar Hadjout, pr\u00e9sident de la F\u00e9d\u00e9ration nationale des travailleurs des textiles, cuirs et habillement. Pour ce dernier, certes, la situation ne peut pas \u00eatre r\u00e9jouissante, mais <em>\u00abil faut que les revendications restent dans la limite du respect des autres, avoir cette capacit\u00e9 de d\u00e9battre et d\u00e9passer les clivages\u00bb<\/em>. <em>\u00abIl ne faut pas faire l\u2019impasse sur ce qui a \u00e9t\u00e9 fait sur le plan \u00e9conomique\u00bb<\/em>, ajoutera-t-il, comme pour rappeler les r\u00e9alisations durant le r\u00e8gne de Bouteflika et d\u00e9fendre le choix de la centrale syndicale. Une centrale devenue au m\u00eame titre que le patronat mais aussi le Conseil national \u00e9conomique et social (CNES) des parties du pouvoir pour r\u00e9sumer l\u2019analyse du sociologue, Nacer Djabi.<\/span><\/p>\n<p class=\"p1\"><strong><span class=\"s2\">All\u00e9geance au pourvoir<\/span><\/strong><\/p>\n<p class=\"p1\"><span class=\"s2\">\u00abNous avons assist\u00e9 durant cette p\u00e9riode \u00e0 une forme de d\u00e9sertification du c\u00f4t\u00e9 des organisations sociales et patronales Or, les Alg\u00e9riens ont besoin de ces organisations. Jusque-l\u00e0, celles qui activaient sur le ter<em>rain n\u2019ont fait que jouer un r\u00f4le d\u2019all\u00e9geance au pouvoir. Elles travaillent pour l\u2019int\u00e9r\u00eat qu\u2019une seule personne. Elles g\u00e8rent plut\u00f4t une propagande politique\u00bb<\/em>, analysera-t-il.<\/span><\/p>\n<p class=\"p1\"><span class=\"s2\">Et dire que <em>\u00able FCE est une force \u00e9conomique vitale qui a besoin d\u2019un souffle nouveau, alors que jusque-l\u00e0 il a jou\u00e9 un r\u00f4le de soutien \u00e9lectoral\u00bb<\/em>. <em>\u00abC\u2019est une partie du cercle corrompu politico-financi\u00e8re\u00bb,<\/em> estime Nacer Djabi, rappelant que c\u2019est bien le FCE qui a financ\u00e9 les pr\u00e9c\u00e9dentes campagnes de Bouteflika \u00e0 travers des pressions sur ses membres.<\/span><\/p>\n<p class=\"p1\"><span class=\"s2\">Et de surcro\u00eet en faisant appel aux institutions de l\u2019Etat, comme les imp\u00f4ts pour la pression fiscale. Concernant l\u2019UGTA, le constat de Djabi est percutant \u00e0 plus d\u2019un titre : <em>\u00abLes forces sociales sont devenues un comit\u00e9 de soutien. L\u2019UGTA s\u2019est retrouv\u00e9e entre les mains d\u2019un petit clan. Au lieu de d\u00e9fendre les int\u00e9r\u00eats des travailleurs, sa direction a vendu son all\u00e9geance au pouvoir.\u00bb<\/em><\/span><\/p>\n<p class=\"p1\"><span class=\"s2\">C\u2019est ainsi qu\u2019en cette p\u00e9riode d\u2019appels insistants au changement \u00e0 tous les niveaux, il serait int\u00e9ressant d\u2019en profiter pour r\u00e9nover ces structures et leur permettre de fonctionner sur de nouvelles bases loin des consid\u00e9rations politiques. <em>\u00abMaintenant que le peuple s\u2019est r\u00e9volt\u00e9, le rapport de force a chang\u00e9, la peur a chang\u00e9 de camp. Le souffle de la rue doit toucher ces organisations avec force\u00bb<\/em>, plaidera M. Djabi, abordant par ailleurs la l\u00e9thargie du CNES. Un CNES qui ne fait plus de rapports depuis que Bouteflika est l\u00e0, alors qu\u2019il consomme un \u00e9norme budget.<\/span><\/p>\n<p class=\"p1\"><span class=\"s2\">Ce que reconna\u00eetra un expert de ce que dit le conseil pour qui cette explosion aurait \u00e9t\u00e9 \u00e9vitable si le CNES s\u2019\u00e9tait r\u00e9ellement pench\u00e9 sur les probl\u00e9matiques de l\u2019heure. <em>\u00abOn sent cette frustration de ne pouvoir produire de rapport et de lecture sur les politiques publiques. Chose qu\u2019on n\u2019a pas faite depuis 2015. Pas de commissions, pas de membres, c\u2019est la s\u00e9cheresse, rien ne se fait au CNES\u00bb,<\/em> regrette notre expert.<\/span><\/p>\n<p class=\"p1\"><span class=\"s2\">Or, pour Nacer Djabi : <em>\u00abOn a besoin de r\u00e9flexion, d\u2019une grande organisation syndicale et d\u2019un patronat fort.\u00bb<\/em> Et ce, d\u2019autant poursuit-il, que <em>\u00able monopole de l\u2019argent et de la politique entre les m\u00eames personnes est tr\u00e8s dangereux. On est en train de construire une oligarchie dangereuse. Il faut une vie d\u00e9mocratique au niveau de ces organisations. On a fini par cr\u00e9er un vide et on a d\u00e9velopp\u00e9 le tribalisme et le clanisme.\u00bb<\/em> Les r\u00e9sultats sont l\u00e0 aujourd\u2019hui : le sursaut pour r\u00e9tablir la dignit\u00e9 d\u2019une jeunesse frapp\u00e9e par le ch\u00f4mage, les in\u00e9galit\u00e9s et le mal-vivre.\u00a0<\/span><\/p>\n<div class=\"yuzo_related_post style-1\" data-version=\"5.12.88\">\n<p><h3>Related Post<\/h3>\n<\/p>\n<div class=\"yuzo_wraps\">\n<div class=\"relatedthumb relatedpost-554996 c11\"><a href=\"https:\/\/www.elwatan.com\/edition\/actualite\/tipasa-des-travaux-qui-trainent-25-01-2019\"\/><\/p>\n<p><span class=\"yuzo__text--title c10\">Tipasa\u00a0: Des travaux qui tra\u00eenent<\/span><\/div>\n<div class=\"relatedthumb relatedpost-554463 c11\"><a href=\"https:\/\/www.elwatan.com\/edition\/sports\/aso-chlef-lex-joueur-aidadou-nest-plus-22-01-2019\"\/><\/p>\n<p><span class=\"yuzo__text--title c10\">ASO Chlef :\u00a0L\u2019ex-joueur Aidadou n\u2019est plus<\/span><\/div>\n<div class=\"relatedthumb relatedpost-399922 c11\"><a href=\"https:\/\/www.elwatan.com\/edition\/culture\/13e-festival-algerie-la-musique-andalouse-au-centre-dune-conference-29-12-2018\"\/><\/p>\n<p><span class=\"yuzo__text--title c10\">13e Festival Alg\u00e9rie :\u00a0La musique andalouse\u00a0au cen&#8230;<\/span><\/div>\n<\/div>\n<\/div>\n<p><span class=\"post-views-label\">Post Views:<\/span> <span class=\"post-views-count\">4\u00a0794<\/span><\/p>\n<p>Auteur: Anis Khecheba<br \/>\n<a href=\"https:\/\/www.elwatan.com\/archives\/supplement-economie\/563200-11-03-2019\">Cliquez ici pour lire l&rsquo;article depuis sa source.<\/a><\/p>\n","protected":false},"excerpt":{"rendered":"<p>Depuis la premi\u00e8re marche du 22 f\u00e9vrier dernier contre le 5e mandat, des remous secouent la sc\u00e8ne \u00e9conomique et syndicale. D\u00e9missions, d\u00e9fections et menaces de gr\u00e8ves. Certains le font pour montrer leur adh\u00e9sion au mouvement populaire en marche. D\u2019autres le font en pr\u00e9vision des cons\u00e9quences qu\u2019aura le changement sur leurs affaires \u2013 qui ont bien [&hellip;]<\/p>\n","protected":false},"author":1743,"featured_media":21064,"comment_status":"closed","ping_status":"closed","sticky":false,"template":"","format":"standard","meta":{"fifu_image_url":"","fifu_image_alt":"","footnotes":""},"categories":[73,53],"tags":[],"class_list":["post-21053","post","type-post","status-publish","format-standard","has-post-thumbnail","hentry","category-actualite","category-algerie"],"_links":{"self":[{"href":"https:\/\/linitiative.ca\/International\/wp-json\/wp\/v2\/posts\/21053","targetHints":{"allow":["GET"]}}],"collection":[{"href":"https:\/\/linitiative.ca\/International\/wp-json\/wp\/v2\/posts"}],"about":[{"href":"https:\/\/linitiative.ca\/International\/wp-json\/wp\/v2\/types\/post"}],"author":[{"embeddable":true,"href":"https:\/\/linitiative.ca\/International\/wp-json\/wp\/v2\/users\/1743"}],"replies":[{"embeddable":true,"href":"https:\/\/linitiative.ca\/International\/wp-json\/wp\/v2\/comments?post=21053"}],"version-history":[{"count":0,"href":"https:\/\/linitiative.ca\/International\/wp-json\/wp\/v2\/posts\/21053\/revisions"}],"wp:featuredmedia":[{"embeddable":true,"href":"https:\/\/linitiative.ca\/International\/wp-json\/"}],"wp:attachment":[{"href":"https:\/\/linitiative.ca\/International\/wp-json\/wp\/v2\/media?parent=21053"}],"wp:term":[{"taxonomy":"category","embeddable":true,"href":"https:\/\/linitiative.ca\/International\/wp-json\/wp\/v2\/categories?post=21053"},{"taxonomy":"post_tag","embeddable":true,"href":"https:\/\/linitiative.ca\/International\/wp-json\/wp\/v2\/tags?post=21053"}],"curies":[{"name":"wp","href":"https:\/\/api.w.org\/{rel}","templated":true}]}}