{"id":21056,"date":"2019-03-11T14:50:39","date_gmt":"2019-03-11T18:50:39","guid":{"rendered":"https:\/\/linitiative.ca\/International\/ligue-1-2-crb-soumana-absent-pour-les-trois-prochains-matchs-du-chabab\/"},"modified":"2019-03-11T14:50:39","modified_gmt":"2019-03-11T18:50:39","slug":"ligue-1-2-crb-soumana-absent-pour-les-trois-prochains-matchs-du-chabab","status":"publish","type":"post","link":"https:\/\/linitiative.ca\/International\/ligue-1-2-crb-soumana-absent-pour-les-trois-prochains-matchs-du-chabab\/","title":{"rendered":"Ligue 1 &#038; 2 : CRB : Soumana absent pour les trois prochains matchs du Chabab"},"content":{"rendered":"<div readability=\"32\">\n<p>Auteur : <span>Islam Tazibt<\/span> <span class=\"time\">lundi 11 mars 2019 14:10<\/span><\/p>\n<\/div>\n<div id=\"post_core\" readability=\"92\">\n<p>Coup dur pour le Chabab de Belouizdad, Soumana Boubacar Hainikoye a \u00e9t\u00e9 retenu avec la s\u00e9lection des U23 du Niger pour prendre part aux deux prochaines rencontres pr\u00e9vues les 23 et 27 mars et comptant pour le deuxi\u00e8me tour des \u00e9liminatoires de la CAN des U23. Ce qui veut dire que le jeune attaquant belouizdadi, qui a inscrit son premier but en championnat lors de la derni\u00e8re rencontre de championnat face au MCO, manquera toutes les rencontres du CRB au menu de ce mois de mars. En effet, il ratera tr\u00e8s certainement le match face au DRB Tadjenanet, du 21 mars, celui du CS Constantine qui aura lieu le 25 du mois en cours au 20-Ao\u00fbt et notamment le quart de finale retour de la Coupe d\u2019Alg\u00e9rie pr\u00e9vu le 28 de ce mois au 5-Juillet.<\/p>\n<p><strong>Bechou sera aussi absent<\/strong><br \/>Dans le m\u00eame sens, Youcef Bechou sera \u00e9galement absent lors des trois prochaines rencontres. Le jeune attaquant belouizdadi a \u00e9t\u00e9 retenu avec les U23 et disputera les deux prochaines rencontres face \u00e0 la Guin\u00e9e Equatoriale (le 23 et 26 mars), comptant pour les \u00e9liminatoires de la CAN qu\u2019accueillera l\u2019Egypte en novembre prochain. Bechou devrait int\u00e9grer le stage de la s\u00e9lection d\u00e8s le 15 du mois courant. Son absence vient s\u2019ajouter \u00e0 celle de Soumana Hainikoye et met les membres du staff technique dans une position tr\u00e8s compliqu\u00e9e, surtout quand on conna\u00eet les adversaires que va affronter le Chabab durant la fin de ce mois de mars et l\u2019importance de ces rencontres pour la suite du parcours en championnat et en Coupe d\u2019Alg\u00e9rie.<\/p>\n<p><strong>Les plans d\u2019Amrani chamboul\u00e9s<\/strong><br \/>D\u00e9j\u00e0 confront\u00e9 aux probl\u00e8mes de la programmation, Abdelkader Amrani devra aussi g\u00e9rer un autre probl\u00e8me, bien compliqu\u00e9, celui de l\u2019absence annonc\u00e9e de Soumana Boubacar Hainikoye lors des trois prochaines rencontres du Chabab de Belouizdad en championnat et en Coupe d\u2019Alg\u00e9rie.\u00a0 Un probl\u00e8me qui s\u2019annonce difficile \u00e0 g\u00e9rer tant le jeune international nig\u00e9rien commence \u00e0 prendre une certaine importance au sein de l\u2019\u00e9quipe belouizdadie. En effet, son profil int\u00e9ressant dans le jeu en d\u00e9viation, dans les airs mais aussi face aux buts fait de lui l\u2019un des attaquants les plus int\u00e9ressants de l\u2019effectif actuel. D\u2019autant plus que ces derni\u00e8res semaines ses concurrents en attaque, en l\u2019occurrence Balegh et Attia n\u2019affichent pas une grande forme. En effet, ce dernier continue d\u2019encha\u00eener les buts en amical mais reste \u00e0 savoir s\u2019il sera en mesure de bien g\u00e9rer la pression des rencontres \u00e0 venir. En tout cas, Amrani a plus d\u2019une semaine pour trouver une solution.<\/p>\n<p><strong>Une tentative aupr\u00e8s de la F\u00e9d\u00e9ration nig\u00e9rienne de football<\/strong><br \/>La direction belouizdadie ne compte pas rester les bras crois\u00e9s et esp\u00e8re r\u00e9cup\u00e9rer, au minimum, un joueur pour le match face au Nasria en Coupe d\u2019Alg\u00e9rie. Dans ce sens, nous avons appris que Said Allik devrait entrer en contact avec le premier responsable du football nig\u00e9rien afin d\u2019\u00e9tudier avec lui la possibilit\u00e9 de r\u00e9cup\u00e9rer Soumana juste apr\u00e8s le match aller entre le Niger et la C\u00f4te d\u2019Ivoire, pr\u00e9vu le 23 mars prochain \u00e0 Abidjan, et ce si bien \u00e9videmment la s\u00e9lection nig\u00e9rienne r\u00e9ussit \u00e0 d\u00e9crocher un r\u00e9sultat positif qui lui garantit une qualification au prochain tour. Cela s\u2019annonce compliqu\u00e9 mais les responsables du CRB vont tout de m\u00eame tenter une man\u0153uvre de derni\u00e8re minute pour ne pas aborder ces trois matchs avec un effectif r\u00e9duit.<\/p>\n<p><strong>Mamadou Djingarey (journaliste \u00e0 T\u00e9l\u00e9 Sahel) : \u00abSoumana est l\u2019attaquant le plus important de la s\u00e9lection nig\u00e9rienne\u00bb<\/strong><br \/>Afin d\u2019avoir plus amples informations sur la possibilit\u00e9 de r\u00e9cup\u00e9rer Soumana plus t\u00f4t que pr\u00e9vu, et \u00e0 d\u00e9faut de pouvoir entrer en contact avec la F\u00e9d\u00e9ration nig\u00e9rienne de football, nous avons pris attache avec Mamadou Djingarey, un confr\u00e8re le la T\u00e9l\u00e9 Sahel qui est reconnu pour \u00eatre un des journalistes les plus influents dans le monde du football au Niger. Interrog\u00e9 dans ce sens, il nous a confi\u00e9 : \u00abSoumana Hainikoye est un des joueurs les plus brillants du Niger actuellement. Il est m\u00eame l\u2019attaquant le plus important de la s\u00e9lection. Sa participation lors des prochaines rencontres avec les U23 est plus qu\u2019indispensable\u00bb.<\/p>\n<p><strong>\u00abInscrire beaucoup de buts et d\u2019autres : c\u2019est l\u00e0 la force de Soumana\u00bb<\/strong><br \/>Par ailleurs, le journaliste nig\u00e9rien, qui conna\u00eet tr\u00e8s bien Soumana Hainikoye pour avoir suivi son \u00e9volution depuis les cat\u00e9gories jeunes, a ajout\u00e9 : \u00abSoumana Hainikoye vient de marquer son premier but avec le CRB et je pense qu\u2019il pourrait \u00eatre un des joueurs majeurs de cette \u00e9quipe. C\u2019est un joueur tr\u00e8s int\u00e9ressant qui allie la capacit\u00e9 de marquer des buts et celle de faire marquer les autres. Il est g\u00e9n\u00e9reux sur le terrain et fatigue \u00e9norm\u00e9ment les d\u00e9fenseurs. Malgr\u00e9 cela, il parvient \u00e0 garder de la lucidit\u00e9 face aux buts \u00bb.<\/p>\n<p><strong>Publi\u00e9 dans :<\/strong> <span>CRB<\/span> <span>Soumana<\/span> <span>Mamadou Djingarey<\/span><\/p>\n<\/div>\n<p>Auteur:<br \/>\n<a href=\"http:\/\/www.lebuteur.com\/article\/detail?titre=crb-soumana-absent-pour-les-trois-prochains-matchs-du-chabab&#038;id=87039&#038;utm_source=feedburner&#038;utm_medium=feed&#038;utm_campaign=Feed%3A+GalerieFArtciles+%28Les+derniers+articles++-+lebuteur.com%29\">Cliquez ici pour lire l&rsquo;article depuis sa source.<\/a><\/p>\n","protected":false},"excerpt":{"rendered":"<p>Auteur : Islam Tazibt lundi 11 mars 2019 14:10 Coup dur pour le Chabab de Belouizdad, Soumana Boubacar Hainikoye a \u00e9t\u00e9 retenu avec la s\u00e9lection des U23 du Niger pour prendre part aux deux prochaines rencontres pr\u00e9vues les 23 et 27 mars et comptant pour le deuxi\u00e8me tour des \u00e9liminatoires de la CAN des U23. [&hellip;]<\/p>\n","protected":false},"author":1738,"featured_media":21062,"comment_status":"closed","ping_status":"closed","sticky":false,"template":"","format":"standard","meta":{"fifu_image_url":"","fifu_image_alt":"","footnotes":""},"categories":[53,75],"tags":[],"class_list":["post-21056","post","type-post","status-publish","format-standard","has-post-thumbnail","hentry","category-algerie","category-sport"],"_links":{"self":[{"href":"https:\/\/linitiative.ca\/International\/wp-json\/wp\/v2\/posts\/21056","targetHints":{"allow":["GET"]}}],"collection":[{"href":"https:\/\/linitiative.ca\/International\/wp-json\/wp\/v2\/posts"}],"about":[{"href":"https:\/\/linitiative.ca\/International\/wp-json\/wp\/v2\/types\/post"}],"author":[{"embeddable":true,"href":"https:\/\/linitiative.ca\/International\/wp-json\/wp\/v2\/users\/1738"}],"replies":[{"embeddable":true,"href":"https:\/\/linitiative.ca\/International\/wp-json\/wp\/v2\/comments?post=21056"}],"version-history":[{"count":0,"href":"https:\/\/linitiative.ca\/International\/wp-json\/wp\/v2\/posts\/21056\/revisions"}],"wp:featuredmedia":[{"embeddable":true,"href":"https:\/\/linitiative.ca\/International\/wp-json\/"}],"wp:attachment":[{"href":"https:\/\/linitiative.ca\/International\/wp-json\/wp\/v2\/media?parent=21056"}],"wp:term":[{"taxonomy":"category","embeddable":true,"href":"https:\/\/linitiative.ca\/International\/wp-json\/wp\/v2\/categories?post=21056"},{"taxonomy":"post_tag","embeddable":true,"href":"https:\/\/linitiative.ca\/International\/wp-json\/wp\/v2\/tags?post=21056"}],"curies":[{"name":"wp","href":"https:\/\/api.w.org\/{rel}","templated":true}]}}