{"id":21080,"date":"2019-03-11T14:50:46","date_gmt":"2019-03-11T18:50:46","guid":{"rendered":"https:\/\/linitiative.ca\/International\/bouteflika-decide-de-reporter-les-elections-presidentielles-et-renonce-a-un-cinquieme-mandat\/"},"modified":"2019-03-11T14:50:46","modified_gmt":"2019-03-11T18:50:46","slug":"bouteflika-decide-de-reporter-les-elections-presidentielles-et-renonce-a-un-cinquieme-mandat","status":"publish","type":"post","link":"https:\/\/linitiative.ca\/International\/bouteflika-decide-de-reporter-les-elections-presidentielles-et-renonce-a-un-cinquieme-mandat\/","title":{"rendered":"Bouteflika d\u00e9cide de reporter les \u00e9lections pr\u00e9sidentielles et renonce \u00e0 un cinqui\u00e8me mandat"},"content":{"rendered":"<p>Le pr\u00e9sident alg\u00e9rien Abdelaziz Bouteflika a d\u00e9cid\u00e9 lundi soir, moins de 24 heures apr\u00e8s son retour de Gen\u00e8ve o\u00f9 il \u00e9tait hospitalis\u00e9 de reporter les \u00e9lections pr\u00e9sidentielles pr\u00e9vues initialement le 18 avril tout en renon\u00e7ant \u00e0\u00a0 briguer un cinqui\u00e8me mandat. D&rsquo;autre part, le premier ministre Ahmed Ouyahia a pr\u00e9sent\u00e9 cet apr\u00e8s midi sa d\u00e9mission.<\/p>\n<p>La d\u00e9cision du pr\u00e9sident Bouteflika de briguer un cinqui\u00e8me mandat avait provoqu\u00e9 des manifestations dans la plypart des grandes villes alg\u00e9riennes. Et c&rsquo;est cette unanimit\u00e9 de la rue alg\u00e9rienne contre le 5e mandat qui a d\u00e9cid\u00e9 le pr\u00e9sident Bouteflika ou son entourage \u00e0 y renoncer.<\/p>\n<p>Auteur:<br \/>\n<a href=\"https:\/\/www.leaders.com.tn\/article\/26664-bouteflika-decide-de-reporter-les-elections-presidentielles-et-renonce-a-un-cinquieme-mandat\">Cliquez ici pour lire l&rsquo;article depuis sa source.<\/a><\/p>\n","protected":false},"excerpt":{"rendered":"<p>Le pr\u00e9sident alg\u00e9rien Abdelaziz Bouteflika a d\u00e9cid\u00e9 lundi soir, moins de 24 heures apr\u00e8s son retour de Gen\u00e8ve o\u00f9 il \u00e9tait hospitalis\u00e9 de reporter les \u00e9lections pr\u00e9sidentielles pr\u00e9vues initialement le 18 avril tout en renon\u00e7ant \u00e0\u00a0 briguer un cinqui\u00e8me mandat. D&rsquo;autre part, le premier ministre Ahmed Ouyahia a pr\u00e9sent\u00e9 cet apr\u00e8s midi sa d\u00e9mission. La [&hellip;]<\/p>\n","protected":false},"author":1772,"featured_media":0,"comment_status":"closed","ping_status":"closed","sticky":false,"template":"","format":"standard","meta":{"fifu_image_url":"","fifu_image_alt":"","footnotes":""},"categories":[73,55],"tags":[],"class_list":["post-21080","post","type-post","status-publish","format-standard","hentry","category-actualite","category-tunisie"],"_links":{"self":[{"href":"https:\/\/linitiative.ca\/International\/wp-json\/wp\/v2\/posts\/21080","targetHints":{"allow":["GET"]}}],"collection":[{"href":"https:\/\/linitiative.ca\/International\/wp-json\/wp\/v2\/posts"}],"about":[{"href":"https:\/\/linitiative.ca\/International\/wp-json\/wp\/v2\/types\/post"}],"author":[{"embeddable":true,"href":"https:\/\/linitiative.ca\/International\/wp-json\/wp\/v2\/users\/1772"}],"replies":[{"embeddable":true,"href":"https:\/\/linitiative.ca\/International\/wp-json\/wp\/v2\/comments?post=21080"}],"version-history":[{"count":0,"href":"https:\/\/linitiative.ca\/International\/wp-json\/wp\/v2\/posts\/21080\/revisions"}],"wp:attachment":[{"href":"https:\/\/linitiative.ca\/International\/wp-json\/wp\/v2\/media?parent=21080"}],"wp:term":[{"taxonomy":"category","embeddable":true,"href":"https:\/\/linitiative.ca\/International\/wp-json\/wp\/v2\/categories?post=21080"},{"taxonomy":"post_tag","embeddable":true,"href":"https:\/\/linitiative.ca\/International\/wp-json\/wp\/v2\/tags?post=21080"}],"curies":[{"name":"wp","href":"https:\/\/api.w.org\/{rel}","templated":true}]}}