{"id":21083,"date":"2019-03-11T13:42:00","date_gmt":"2019-03-11T17:42:00","guid":{"rendered":"https:\/\/linitiative.ca\/International\/tissemsilt-plus-de-800-permis-de-conduire-retires-en-fevrier\/"},"modified":"2019-03-11T13:42:00","modified_gmt":"2019-03-11T17:42:00","slug":"tissemsilt-plus-de-800-permis-de-conduire-retires-en-fevrier","status":"publish","type":"post","link":"https:\/\/linitiative.ca\/International\/tissemsilt-plus-de-800-permis-de-conduire-retires-en-fevrier\/","title":{"rendered":"TISSEMSILT : Plus de 800 permis de conduire retir\u00e9s en f\u00e9vrier"},"content":{"rendered":"<p><br id=\"sep_para_1\" class=\"sep_para access\"\/><\/p>\n<div id=\"para_1\" class=\"para_29701263 resize\">\n<div class=\"texte access firstletter\">Les services de s\u00fbret\u00e9 de wilaya de Tissemsilt ont enregistr\u00e9 durant le mois de F\u00e9vrier de l\u2019ann\u00e9e en cours (26) accidents de la circulation \u00e0 l\u2019int\u00e9rieur du p\u00e9rim\u00e8tre urbain et a conduit \u00e0 la blessure de (27 personnes dont (20) \u00e9taient des pi\u00e9tons\u00a0 et parmi les(27) personnes bless\u00e9es, (12) \u00e9taient des mineurs masculins de moins de quinze ans et les causes de ces accidents indiquent les m\u00eames services sont relatives \u00e0 l&rsquo;\u00e9l\u00e9ment humain qui est la principale cause avec (15) cas en plus d&rsquo;autres causes li\u00e9es principalement \u00e0 l\u2019\u00e9tat des v\u00e9hicules et les imperfections des routes .En mati\u00e8re de s\u00e9curit\u00e9 \u00e0 travers le territoire de la wilaya, les responsables de la S\u00fbret\u00e9 de wilaya ont affirm\u00e9 que les services ont engag\u00e9 durant ce mois de f\u00e9vrier diff\u00e9rentes actions pour assurer la s\u00e9curit\u00e9 et endiguer la criminalit\u00e9 sous toutes ses formes et les d\u00e9rives juv\u00e9niles ce qui a permis de donner des r\u00e9sultats positifs, ils\u00a0 affirment que les services de la police ont trait\u00e9 113 affaires de contravention dont 84 pour non pr\u00e9sentation de documents, (145) contraventions pour exc\u00e8s de vitesse, (33) pour absence de ceinture de s\u00e9curit\u00e9 et (24) pour utilisation du t\u00e9l\u00e9phone en conduisant. Enfin, les m\u00eames services ont enregistr\u00e9 le retrait de (809) permis de conduire, concernant la pr\u00e9vention routi\u00e8re.\u00a0 Le bilan fait ressortir une hausse pour les d\u00e9lits et contraventions de la route durant ce mois de F\u00e9vrier.\u00a0\u00a0\u00a0\u00a0\u00a0\u00a0\u00a0\u00a0\u00a0\u00a0\u00a0<\/div>\n<\/div>\n<p>Auteur: A.Ould El Hadri<br \/>\n<a href=\"https:\/\/www.reflexiondz.net\/TISSEMSILT-Plus-de-800-permis-de-conduire-retires-en-fevrier_a54886.html\">Cliquez ici pour lire l&rsquo;article depuis sa source.<\/a><\/p>\n","protected":false},"excerpt":{"rendered":"<p>Les services de s\u00fbret\u00e9 de wilaya de Tissemsilt ont enregistr\u00e9 durant le mois de F\u00e9vrier de l\u2019ann\u00e9e en cours (26) accidents de la circulation \u00e0 l\u2019int\u00e9rieur du p\u00e9rim\u00e8tre urbain et a conduit \u00e0 la blessure de (27 personnes dont (20) \u00e9taient des pi\u00e9tons\u00a0 et parmi les(27) personnes bless\u00e9es, (12) \u00e9taient des mineurs masculins de moins [&hellip;]<\/p>\n","protected":false},"author":1740,"featured_media":0,"comment_status":"closed","ping_status":"closed","sticky":false,"template":"","format":"standard","meta":{"fifu_image_url":"","fifu_image_alt":"","footnotes":""},"categories":[53,76],"tags":[],"class_list":["post-21083","post","type-post","status-publish","format-standard","hentry","category-algerie","category-regions"],"_links":{"self":[{"href":"https:\/\/linitiative.ca\/International\/wp-json\/wp\/v2\/posts\/21083","targetHints":{"allow":["GET"]}}],"collection":[{"href":"https:\/\/linitiative.ca\/International\/wp-json\/wp\/v2\/posts"}],"about":[{"href":"https:\/\/linitiative.ca\/International\/wp-json\/wp\/v2\/types\/post"}],"author":[{"embeddable":true,"href":"https:\/\/linitiative.ca\/International\/wp-json\/wp\/v2\/users\/1740"}],"replies":[{"embeddable":true,"href":"https:\/\/linitiative.ca\/International\/wp-json\/wp\/v2\/comments?post=21083"}],"version-history":[{"count":0,"href":"https:\/\/linitiative.ca\/International\/wp-json\/wp\/v2\/posts\/21083\/revisions"}],"wp:attachment":[{"href":"https:\/\/linitiative.ca\/International\/wp-json\/wp\/v2\/media?parent=21083"}],"wp:term":[{"taxonomy":"category","embeddable":true,"href":"https:\/\/linitiative.ca\/International\/wp-json\/wp\/v2\/categories?post=21083"},{"taxonomy":"post_tag","embeddable":true,"href":"https:\/\/linitiative.ca\/International\/wp-json\/wp\/v2\/tags?post=21083"}],"curies":[{"name":"wp","href":"https:\/\/api.w.org\/{rel}","templated":true}]}}