{"id":21085,"date":"2019-03-11T14:50:47","date_gmt":"2019-03-11T18:50:47","guid":{"rendered":"https:\/\/linitiative.ca\/International\/international-real-madrid-zidane-va-faire-son-retour-aujourdhui\/"},"modified":"2019-03-11T14:50:47","modified_gmt":"2019-03-11T18:50:47","slug":"international-real-madrid-zidane-va-faire-son-retour-aujourdhui","status":"publish","type":"post","link":"https:\/\/linitiative.ca\/International\/international-real-madrid-zidane-va-faire-son-retour-aujourdhui\/","title":{"rendered":"International : Real Madrid: Zidane va faire son retour aujourd&rsquo;hui !"},"content":{"rendered":"<div readability=\"32\">\n<p>Auteur : <span class=\"time\">lundi 11 mars 2019 15:58<\/span><\/p>\n<\/div>\n<div id=\"post_core\" readability=\"47\">\n<p>Coup de tonnerre en Espagne o\u00f9 Marca et AS, les principaux journaux sportifs pro-madril\u00e8ne, annoncent le retour de Zin\u00e9dine Zidane sur le banc du Real. Le Fran\u00e7ais, triple champion d\u2019Europe \u00e0 la t\u00eate des Merengue (2016, 2017, 2018) avait quitt\u00e9 son poste de son plein gr\u00e9 au printemps 2018 exprimant une certaine lassitude. Son rempla\u00e7ant, Santiago Solari, n&rsquo;est pas parvenu \u00e0 surfer sur le succ\u00e8s de \u00abZZ\u00bb, et de r\u00e9ussir l&rsquo;apr\u00e8s-Cristiano Ronaldo (parti \u00e0 la Juventus Turin), avec un parcours m\u00e9diocre en Liga et, surtout, une \u00e9limination d\u00e8s les 8es de finale en Ligue des champions. Vainqueur \u00e0 Amsterdam au match aller (2-1), le Real Madrid avait \u00e9t\u00e9 humili\u00e9 par la jeunesse de l&rsquo;Ajax au retour \u00e0 Bernabeu (1-4). La presse espagnole indique que le retour de Zidane devrait \u00eatre officialis\u00e9 lundi soir \u00e0 l&rsquo;issue d&rsquo;une r\u00e9union de la direction du club. Il pourrait diriger son premier entra\u00eenement d\u00e8s mardi rapporte sport24.lefigaro.fr.<\/p>\n<p><strong>Publi\u00e9 dans :<\/strong> <span>Zidane<\/span><\/p>\n<\/div>\n<p>Auteur:<br \/>\n<a href=\"http:\/\/www.lebuteur.com\/article\/detail?titre=real-madrid-zidane-va-faire-son-retour-aujourdhui&#038;id=87062&#038;utm_source=feedburner&#038;utm_medium=feed&#038;utm_campaign=Feed%3A+GalerieFArtciles+%28Les+derniers+articles++-+lebuteur.com%29\">Cliquez ici pour lire l&rsquo;article depuis sa source.<\/a><\/p>\n","protected":false},"excerpt":{"rendered":"<p>Auteur : lundi 11 mars 2019 15:58 Coup de tonnerre en Espagne o\u00f9 Marca et AS, les principaux journaux sportifs pro-madril\u00e8ne, annoncent le retour de Zin\u00e9dine Zidane sur le banc du Real. Le Fran\u00e7ais, triple champion d\u2019Europe \u00e0 la t\u00eate des Merengue (2016, 2017, 2018) avait quitt\u00e9 son poste de son plein gr\u00e9 au printemps [&hellip;]<\/p>\n","protected":false},"author":1738,"featured_media":21088,"comment_status":"closed","ping_status":"closed","sticky":false,"template":"","format":"standard","meta":{"fifu_image_url":"","fifu_image_alt":"","footnotes":""},"categories":[53,75],"tags":[],"class_list":["post-21085","post","type-post","status-publish","format-standard","has-post-thumbnail","hentry","category-algerie","category-sport"],"_links":{"self":[{"href":"https:\/\/linitiative.ca\/International\/wp-json\/wp\/v2\/posts\/21085","targetHints":{"allow":["GET"]}}],"collection":[{"href":"https:\/\/linitiative.ca\/International\/wp-json\/wp\/v2\/posts"}],"about":[{"href":"https:\/\/linitiative.ca\/International\/wp-json\/wp\/v2\/types\/post"}],"author":[{"embeddable":true,"href":"https:\/\/linitiative.ca\/International\/wp-json\/wp\/v2\/users\/1738"}],"replies":[{"embeddable":true,"href":"https:\/\/linitiative.ca\/International\/wp-json\/wp\/v2\/comments?post=21085"}],"version-history":[{"count":0,"href":"https:\/\/linitiative.ca\/International\/wp-json\/wp\/v2\/posts\/21085\/revisions"}],"wp:featuredmedia":[{"embeddable":true,"href":"https:\/\/linitiative.ca\/International\/wp-json\/"}],"wp:attachment":[{"href":"https:\/\/linitiative.ca\/International\/wp-json\/wp\/v2\/media?parent=21085"}],"wp:term":[{"taxonomy":"category","embeddable":true,"href":"https:\/\/linitiative.ca\/International\/wp-json\/wp\/v2\/categories?post=21085"},{"taxonomy":"post_tag","embeddable":true,"href":"https:\/\/linitiative.ca\/International\/wp-json\/wp\/v2\/tags?post=21085"}],"curies":[{"name":"wp","href":"https:\/\/api.w.org\/{rel}","templated":true}]}}