{"id":21090,"date":"2019-03-11T14:50:49","date_gmt":"2019-03-11T18:50:49","guid":{"rendered":"https:\/\/linitiative.ca\/International\/pros-rennes-ca-discute-pour-mehdi-zeffane\/"},"modified":"2019-03-11T14:50:49","modified_gmt":"2019-03-11T18:50:49","slug":"pros-rennes-ca-discute-pour-mehdi-zeffane","status":"publish","type":"post","link":"https:\/\/linitiative.ca\/International\/pros-rennes-ca-discute-pour-mehdi-zeffane\/","title":{"rendered":"Pros : Rennes : \u00e7a discute pour Mehdi Zeffane"},"content":{"rendered":"<div readability=\"32\">\n<p>Auteur : <span class=\"time\">lundi 11 mars 2019 16:18<\/span><\/p>\n<\/div>\n<div id=\"post_core\" readability=\"48\">\n<p>C\u2019est notamment le cas de Mehdi Zeffane (26 ans), tr\u00e8s performant contre le Betis S\u00e9ville en 16es de finale et face \u00e0 Arsenal en 8e de finale aller. En fin de contrat en juin, le polyvalent lat\u00e9ral se verrait bien rester \u00e0 Rennes.<\/p>\n<p>Selon Footmercato.net, des discussions sont en cours entre l\u2019entourage de l\u2019international alg\u00e9rien (11 s\u00e9lections), ravi de sa collaboration avec Julien St\u00e9phan et son staff, et la direction du club breton autour d\u2019une prolongation de contrat. L\u2019ancien Lyonnais se verrait bien poursuivre l\u2019aventure au sein du club breton, cependant, il reste \u00e0 l\u2019\u00e9coute des propositions qui arrivent de l\u2019\u00e9tranger. Besiktas s\u2019est notamment r\u00e9cemment positionn\u00e9 concr\u00e8tement sur le dossier.<\/p>\n<p><strong>Publi\u00e9 dans :<\/strong> <span>RENNES<\/span> <span>zeffane<\/span><\/p>\n<\/div>\n<p>Auteur:<br \/>\n<a href=\"http:\/\/www.lebuteur.com\/article\/detail?titre=rennes-ca-discute-pour-mehdi-zeffane&#038;id=87063&#038;utm_source=feedburner&#038;utm_medium=feed&#038;utm_campaign=Feed%3A+GalerieFArtciles+%28Les+derniers+articles++-+lebuteur.com%29\">Cliquez ici pour lire l&rsquo;article depuis sa source.<\/a><\/p>\n","protected":false},"excerpt":{"rendered":"<p>Auteur : lundi 11 mars 2019 16:18 C\u2019est notamment le cas de Mehdi Zeffane (26 ans), tr\u00e8s performant contre le Betis S\u00e9ville en 16es de finale et face \u00e0 Arsenal en 8e de finale aller. En fin de contrat en juin, le polyvalent lat\u00e9ral se verrait bien rester \u00e0 Rennes. Selon Footmercato.net, des discussions sont [&hellip;]<\/p>\n","protected":false},"author":1738,"featured_media":21091,"comment_status":"closed","ping_status":"closed","sticky":false,"template":"","format":"standard","meta":{"fifu_image_url":"","fifu_image_alt":"","footnotes":""},"categories":[53,75],"tags":[],"class_list":["post-21090","post","type-post","status-publish","format-standard","has-post-thumbnail","hentry","category-algerie","category-sport"],"_links":{"self":[{"href":"https:\/\/linitiative.ca\/International\/wp-json\/wp\/v2\/posts\/21090","targetHints":{"allow":["GET"]}}],"collection":[{"href":"https:\/\/linitiative.ca\/International\/wp-json\/wp\/v2\/posts"}],"about":[{"href":"https:\/\/linitiative.ca\/International\/wp-json\/wp\/v2\/types\/post"}],"author":[{"embeddable":true,"href":"https:\/\/linitiative.ca\/International\/wp-json\/wp\/v2\/users\/1738"}],"replies":[{"embeddable":true,"href":"https:\/\/linitiative.ca\/International\/wp-json\/wp\/v2\/comments?post=21090"}],"version-history":[{"count":0,"href":"https:\/\/linitiative.ca\/International\/wp-json\/wp\/v2\/posts\/21090\/revisions"}],"wp:featuredmedia":[{"embeddable":true,"href":"https:\/\/linitiative.ca\/International\/wp-json\/"}],"wp:attachment":[{"href":"https:\/\/linitiative.ca\/International\/wp-json\/wp\/v2\/media?parent=21090"}],"wp:term":[{"taxonomy":"category","embeddable":true,"href":"https:\/\/linitiative.ca\/International\/wp-json\/wp\/v2\/categories?post=21090"},{"taxonomy":"post_tag","embeddable":true,"href":"https:\/\/linitiative.ca\/International\/wp-json\/wp\/v2\/tags?post=21090"}],"curies":[{"name":"wp","href":"https:\/\/api.w.org\/{rel}","templated":true}]}}