{"id":21094,"date":"2019-03-11T13:42:00","date_gmt":"2019-03-11T17:42:00","guid":{"rendered":"https:\/\/linitiative.ca\/International\/vol-de-telephones-portables-354-unites-volees-en-2018\/"},"modified":"2019-03-11T13:42:00","modified_gmt":"2019-03-11T17:42:00","slug":"vol-de-telephones-portables-354-unites-volees-en-2018","status":"publish","type":"post","link":"https:\/\/linitiative.ca\/International\/vol-de-telephones-portables-354-unites-volees-en-2018\/","title":{"rendered":"VOL DE TELEPHONES PORTABLES : 354 unit\u00e9s vol\u00e9es en 2018"},"content":{"rendered":"<p><br id=\"sep_para_1\" class=\"sep_para access\"\/><\/p>\n<div id=\"para_1\" class=\"para_29701305 resize\">\n<div class=\"texte access firstletter\">Selon un bilan dress\u00e9 par la police nationale, portant sur le vol des t\u00e9l\u00e9phones portables\u00a0 pour l\u2019ann\u00e9e 2018, les services de police judiciaire de la s\u00fbret\u00e9 de wilaya de Mostaganem ont enregistr\u00e9\u00a0 au cours de l\u2019ann\u00e9e cit\u00e9e en r\u00e9f\u00e9rence , le vol\u00a0 de 354\u00a0 t\u00e9l\u00e9phones portables dont\u00a0 212\u00a0 survenus\u00a0 \u00e0 travers\u00a0 ses communes\u00a0 et 940\u00a0 \u00e0 travers le milieu urbain\u00a0 de la ville. A\u00a0 ce sujet, 240 affaires relatives au vol de ces derniers\u00a0\u00a0 ont \u00e9t\u00e9 trait\u00e9es\u00a0 et ont permis la restitution\u00a0\u00a0 de 81 portables.<\/div>\n<\/div>\n<p>Auteur: Ismain<br \/>\n<a href=\"https:\/\/www.reflexiondz.net\/VOL-DE-TELEPHONES-PORTABLES-354-unites-volees-en-2018_a54891.html\">Cliquez ici pour lire l&rsquo;article depuis sa source.<\/a><\/p>\n","protected":false},"excerpt":{"rendered":"<p>Selon un bilan dress\u00e9 par la police nationale, portant sur le vol des t\u00e9l\u00e9phones portables\u00a0 pour l\u2019ann\u00e9e 2018, les services de police judiciaire de la s\u00fbret\u00e9 de wilaya de Mostaganem ont enregistr\u00e9\u00a0 au cours de l\u2019ann\u00e9e cit\u00e9e en r\u00e9f\u00e9rence , le vol\u00a0 de 354\u00a0 t\u00e9l\u00e9phones portables dont\u00a0 212\u00a0 survenus\u00a0 \u00e0 travers\u00a0 ses communes\u00a0 et 940\u00a0 [&hellip;]<\/p>\n","protected":false},"author":1740,"featured_media":0,"comment_status":"closed","ping_status":"closed","sticky":false,"template":"","format":"standard","meta":{"fifu_image_url":"","fifu_image_alt":"","footnotes":""},"categories":[53,76],"tags":[],"class_list":["post-21094","post","type-post","status-publish","format-standard","hentry","category-algerie","category-regions"],"_links":{"self":[{"href":"https:\/\/linitiative.ca\/International\/wp-json\/wp\/v2\/posts\/21094","targetHints":{"allow":["GET"]}}],"collection":[{"href":"https:\/\/linitiative.ca\/International\/wp-json\/wp\/v2\/posts"}],"about":[{"href":"https:\/\/linitiative.ca\/International\/wp-json\/wp\/v2\/types\/post"}],"author":[{"embeddable":true,"href":"https:\/\/linitiative.ca\/International\/wp-json\/wp\/v2\/users\/1740"}],"replies":[{"embeddable":true,"href":"https:\/\/linitiative.ca\/International\/wp-json\/wp\/v2\/comments?post=21094"}],"version-history":[{"count":0,"href":"https:\/\/linitiative.ca\/International\/wp-json\/wp\/v2\/posts\/21094\/revisions"}],"wp:attachment":[{"href":"https:\/\/linitiative.ca\/International\/wp-json\/wp\/v2\/media?parent=21094"}],"wp:term":[{"taxonomy":"category","embeddable":true,"href":"https:\/\/linitiative.ca\/International\/wp-json\/wp\/v2\/categories?post=21094"},{"taxonomy":"post_tag","embeddable":true,"href":"https:\/\/linitiative.ca\/International\/wp-json\/wp\/v2\/tags?post=21094"}],"curies":[{"name":"wp","href":"https:\/\/api.w.org\/{rel}","templated":true}]}}