{"id":21096,"date":"2019-03-11T14:50:52","date_gmt":"2019-03-11T18:50:52","guid":{"rendered":"https:\/\/linitiative.ca\/International\/laffaire-de-l-lappareil-securitaire-clandestin-doit-etre-tiree-au-clair-exige-beji-caid-essebsi\/"},"modified":"2019-03-11T14:50:52","modified_gmt":"2019-03-11T18:50:52","slug":"laffaire-de-l-lappareil-securitaire-clandestin-doit-etre-tiree-au-clair-exige-beji-caid-essebsi","status":"publish","type":"post","link":"https:\/\/linitiative.ca\/International\/laffaire-de-l-lappareil-securitaire-clandestin-doit-etre-tiree-au-clair-exige-beji-caid-essebsi\/","title":{"rendered":"L\u2019affaire de l\u2019 l\u2019appareil s\u00e9curitaire clandestin doit \u00eatre tir\u00e9e au clair, exige B\u00e9ji Ca\u00efd Essebsi"},"content":{"rendered":"<p>Nous devons prendre position et ne pas laisser subsister l\u2019ombre d\u2019un moindre doute au sujet de l\u2019appareil s\u00e9curitaire clandestin, a affirm\u00e9 le pr\u00e9sident B\u00e9ji Ca\u00efd Essebsi. \u00ab C\u2019est question qui, \u00e0 mes yeux, rel\u00e8ve de la s\u00e9curit\u00e9 nationale, a-t-il d\u00e9clar\u00e9 lundi matin devant le Conseil de S\u00e9curit\u00e9 nationale. Nous l\u2019avions d\u00e9j\u00e0 \u00e9voqu\u00e9e au sein du CSN. Nous voyons tous les jours des prises de paroles dans les m\u00e9dias, avec mention de documents, et multiplications d\u2019all\u00e9gations. J\u2019estime n\u00e9cessaire de prendre position. Il ne s\u2019agit pas de constituer une justice parall\u00e8le en charge de l\u2019affaire en question. Mais, \u00e0 voir la justice devenir la cible d\u2019attaques et faire l\u2019objet de remise en cause, nous risquons de nous retrouver dans une situation redoutable. Nous ne pouvons continuer \u00e0 laisser se propager aupr\u00e8s de l\u2019opinion publique un sentiment de probl\u00e8me (non-\u00e9lucid\u00e9).<\/p>\n<p>Auteur:<br \/>\n<a href=\"https:\/\/www.leaders.com.tn\/article\/26666-l-affaire-de-l-l-appareil-securitaire-clandestin-doit-etre-tiree-au-clair-exige-beji-caid-essebsi\">Cliquez ici pour lire l&rsquo;article depuis sa source.<\/a><\/p>\n","protected":false},"excerpt":{"rendered":"<p>Nous devons prendre position et ne pas laisser subsister l\u2019ombre d\u2019un moindre doute au sujet de l\u2019appareil s\u00e9curitaire clandestin, a affirm\u00e9 le pr\u00e9sident B\u00e9ji Ca\u00efd Essebsi. \u00ab C\u2019est question qui, \u00e0 mes yeux, rel\u00e8ve de la s\u00e9curit\u00e9 nationale, a-t-il d\u00e9clar\u00e9 lundi matin devant le Conseil de S\u00e9curit\u00e9 nationale. Nous l\u2019avions d\u00e9j\u00e0 \u00e9voqu\u00e9e au sein du [&hellip;]<\/p>\n","protected":false},"author":1772,"featured_media":0,"comment_status":"closed","ping_status":"closed","sticky":false,"template":"","format":"standard","meta":{"fifu_image_url":"","fifu_image_alt":"","footnotes":""},"categories":[73,55],"tags":[],"class_list":["post-21096","post","type-post","status-publish","format-standard","hentry","category-actualite","category-tunisie"],"_links":{"self":[{"href":"https:\/\/linitiative.ca\/International\/wp-json\/wp\/v2\/posts\/21096","targetHints":{"allow":["GET"]}}],"collection":[{"href":"https:\/\/linitiative.ca\/International\/wp-json\/wp\/v2\/posts"}],"about":[{"href":"https:\/\/linitiative.ca\/International\/wp-json\/wp\/v2\/types\/post"}],"author":[{"embeddable":true,"href":"https:\/\/linitiative.ca\/International\/wp-json\/wp\/v2\/users\/1772"}],"replies":[{"embeddable":true,"href":"https:\/\/linitiative.ca\/International\/wp-json\/wp\/v2\/comments?post=21096"}],"version-history":[{"count":0,"href":"https:\/\/linitiative.ca\/International\/wp-json\/wp\/v2\/posts\/21096\/revisions"}],"wp:attachment":[{"href":"https:\/\/linitiative.ca\/International\/wp-json\/wp\/v2\/media?parent=21096"}],"wp:term":[{"taxonomy":"category","embeddable":true,"href":"https:\/\/linitiative.ca\/International\/wp-json\/wp\/v2\/categories?post=21096"},{"taxonomy":"post_tag","embeddable":true,"href":"https:\/\/linitiative.ca\/International\/wp-json\/wp\/v2\/tags?post=21096"}],"curies":[{"name":"wp","href":"https:\/\/api.w.org\/{rel}","templated":true}]}}