{"id":21101,"date":"2019-03-11T14:36:00","date_gmt":"2019-03-11T18:36:00","guid":{"rendered":"https:\/\/linitiative.ca\/International\/bedoui-nomme-premier-ministre-lamamra-vice-premier-ministre\/"},"modified":"2019-03-11T14:36:00","modified_gmt":"2019-03-11T18:36:00","slug":"bedoui-nomme-premier-ministre-lamamra-vice-premier-ministre","status":"publish","type":"post","link":"https:\/\/linitiative.ca\/International\/bedoui-nomme-premier-ministre-lamamra-vice-premier-ministre\/","title":{"rendered":"Bedoui nomm\u00e9 Premier ministre, Lamamra vice-Premier ministre"},"content":{"rendered":"<p>Lors de cette audience, le chef de l&rsquo;Etat a proc\u00e9d\u00e9 \u00e0 la nomination de M. Bedoui au poste de Premier ministre en remplacement de M. Ahmed Ouyahia.<\/p>\n<p>M. Bouteflika a \u00e9galement nomm\u00e9, \u00e0 la m\u00eame occasion, M. Lamamra au poste de vice-Premier ministre, ministre des Affaires \u00e9trang\u00e8res.<\/p>\n<p>Le pr\u00e9sident Bouteflika a charg\u00e9 M. Bedoui de former le nouveau gouvernement.<\/p>\n<p>Auteur: elmoudjahid<br \/>\n<a href=\"http:\/\/www.elmoudjahid.com\/fr\/actualites\/134648\">Cliquez ici pour lire l&rsquo;article depuis sa source.<\/a><\/p>\n","protected":false},"excerpt":{"rendered":"<p>Lors de cette audience, le chef de l&rsquo;Etat a proc\u00e9d\u00e9 \u00e0 la nomination de M. Bedoui au poste de Premier ministre en remplacement de M. Ahmed Ouyahia. M. Bouteflika a \u00e9galement nomm\u00e9, \u00e0 la m\u00eame occasion, M. Lamamra au poste de vice-Premier ministre, ministre des Affaires \u00e9trang\u00e8res. Le pr\u00e9sident Bouteflika a charg\u00e9 M. Bedoui de [&hellip;]<\/p>\n","protected":false},"author":1744,"featured_media":0,"comment_status":"closed","ping_status":"closed","sticky":false,"template":"","format":"standard","meta":{"fifu_image_url":"","fifu_image_alt":"","footnotes":""},"categories":[73,53],"tags":[],"class_list":["post-21101","post","type-post","status-publish","format-standard","hentry","category-actualite","category-algerie"],"_links":{"self":[{"href":"https:\/\/linitiative.ca\/International\/wp-json\/wp\/v2\/posts\/21101","targetHints":{"allow":["GET"]}}],"collection":[{"href":"https:\/\/linitiative.ca\/International\/wp-json\/wp\/v2\/posts"}],"about":[{"href":"https:\/\/linitiative.ca\/International\/wp-json\/wp\/v2\/types\/post"}],"author":[{"embeddable":true,"href":"https:\/\/linitiative.ca\/International\/wp-json\/wp\/v2\/users\/1744"}],"replies":[{"embeddable":true,"href":"https:\/\/linitiative.ca\/International\/wp-json\/wp\/v2\/comments?post=21101"}],"version-history":[{"count":0,"href":"https:\/\/linitiative.ca\/International\/wp-json\/wp\/v2\/posts\/21101\/revisions"}],"wp:attachment":[{"href":"https:\/\/linitiative.ca\/International\/wp-json\/wp\/v2\/media?parent=21101"}],"wp:term":[{"taxonomy":"category","embeddable":true,"href":"https:\/\/linitiative.ca\/International\/wp-json\/wp\/v2\/categories?post=21101"},{"taxonomy":"post_tag","embeddable":true,"href":"https:\/\/linitiative.ca\/International\/wp-json\/wp\/v2\/tags?post=21101"}],"curies":[{"name":"wp","href":"https:\/\/api.w.org\/{rel}","templated":true}]}}