{"id":21102,"date":"2019-03-11T14:50:57","date_gmt":"2019-03-11T18:50:57","guid":{"rendered":"https:\/\/linitiative.ca\/International\/caid-essebsi-etat-durgence-ne-comptez-plus-sur-moi-larp-doit-se-prononcer\/"},"modified":"2019-03-11T14:50:57","modified_gmt":"2019-03-11T18:50:57","slug":"caid-essebsi-etat-durgence-ne-comptez-plus-sur-moi-larp-doit-se-prononcer","status":"publish","type":"post","link":"https:\/\/linitiative.ca\/International\/caid-essebsi-etat-durgence-ne-comptez-plus-sur-moi-larp-doit-se-prononcer\/","title":{"rendered":"Ca\u00efd Essebsi : Etat d\u2019urgence, ne comptez plus sur moi, l\u2019ARP doit se prononcer"},"content":{"rendered":"<p>\u00ab\u00a0Je suis de ceux qui avaient signal\u00e9 \u00e0 M. le chef du Gouvernement de la n\u00e9cessit\u00e9 de mettre fin \u00e0 la situation actuelle, a indiqu\u00e9 le pr\u00e9sident B\u00e9ji Ca\u00efd Essebsi en ouvrant lundi matin la r\u00e9union du conseil de S\u00e9curit\u00e9 natioanle. C\u2019est pour cela que nous avons \u00e9labor\u00e9 un projet de loi qui a \u00e9t\u00e9 examin\u00e9 et adopt\u00e9 par le conseil des ministres et que le gouvernement a soumis \u00e0 l\u2019ARP, il y a de cela quatre mois. Nous sommes en train de d\u00e9cr\u00e9ter l\u2019Etat d\u2019urgence selon un vieux d\u00e9cret de 1978. La nouvelle constitution a indiqu\u00e9 que ses dispositions sont anticonstitutionnelles et qu\u2019une loi organique appropri\u00e9e est indispensable.\u00a0<\/p>\n<p>Pour faciliter le travail du gouvernement, nous nous sommes trouv\u00e9s dans l\u2019obligation de continuer \u00e0 agir selon les dispositions du d\u00e9cret en vigueur qui est pourtant anticonstitutionnel. J\u2019ai d\u00fb y consentir pour ne pas faire obstacle \u00e0 l\u2019action du gouvernement et plut\u00f4t le faciliter. Mais, il para\u00eet que cela n\u2019a pas \u00e9t\u00e9 compris.<\/p>\n<p>Si cela n\u2019a pas \u00e9t\u00e9 compris, nous devons le faire comprendre comme il se doit.<\/p>\n<p>J\u2019ai mis en garde le gouvernement contre (la situation).<\/p>\n<p>Des membres du gouvernement, les ministres de la Justice et de la D\u00e9fense sont venus me voir et m\u2019ont convaincu de la n\u00e9cessit\u00e9 de continuer \u00e0 m\u2019appuyer sur les dispositions dudit d\u00e9cret en attendant l\u2019adoption de la nouvelle loi organique.<\/p>\n<p>Mais, \u00e0 l\u2019\u00e9vidence, l\u2019ARP s\u2019est attard\u00e9 dans l\u2019examen du projet de loi. J\u2019en ai alert\u00e9 le chef du Gouvernement et le pr\u00e9sident de l\u2019ARP que c\u2019est pour la derni\u00e8re que je proc\u00e8derai \u00e0 la prorogation de l\u2019Etat d\u2019urgence. Je l\u2019ai d\u00e9j\u00e0 fait plusieurs fois, jusque-l\u00e0, jusqu\u2019\u00e0 ce que cela devienne vid\u00e9 de tout sens.\u00a0<\/p>\n<p>La question est que ce projet de loi, est pr\u00eat, adopt\u00e9 par le gouvernement et transmis \u00e0 l\u2019ARP depuis quatre mois. Si l\u2019ARP, pleinement souveraine en la mati\u00e8re, \u00e9prouve, pour des raisons qui la concerne, des difficult\u00e9s \u00e0 l\u2019adopter, la question n\u2019est plus de la responsabilit\u00e9 du pr\u00e9sident de la R\u00e9publique, mais du ressort du chef du Gouvernement et de l\u2019ARP. Et, c\u2019est l\u2019ARP qui y est habilit\u00e9e \u00e0 exercer son contr\u00f4le sur le gouvernement.<\/p>\n<p>Contrairement \u00e0 mes habitudes, j\u2019en ai saisi par \u00e9crit le chef du Gouvernement, lui indiquant que je ne saurais me mettre en violation de la Constitution. J\u2019ai \u00e9galement \u00e9crit au pr\u00e9sident de l\u2019ARP pour lui dire que d\u2019ici le 4 avril (2019, \u00e9ch\u00e9ance du prolongement actuel de l\u2019Etat d\u2019urgence), il ne faut plus compter sur moi pour continuer \u00e0 le faire.\u00a0\u00bb<\/p>\n<p>Auteur:<br \/>\n<a href=\"https:\/\/www.leaders.com.tn\/article\/26665-caid-essebsi-etat-d-urgence-ne-comptez-plus-sur-moi-l-arp-doit-se-prononcer\">Cliquez ici pour lire l&rsquo;article depuis sa source.<\/a><\/p>\n","protected":false},"excerpt":{"rendered":"<p>\u00ab\u00a0Je suis de ceux qui avaient signal\u00e9 \u00e0 M. le chef du Gouvernement de la n\u00e9cessit\u00e9 de mettre fin \u00e0 la situation actuelle, a indiqu\u00e9 le pr\u00e9sident B\u00e9ji Ca\u00efd Essebsi en ouvrant lundi matin la r\u00e9union du conseil de S\u00e9curit\u00e9 natioanle. C\u2019est pour cela que nous avons \u00e9labor\u00e9 un projet de loi qui a \u00e9t\u00e9 [&hellip;]<\/p>\n","protected":false},"author":1772,"featured_media":0,"comment_status":"closed","ping_status":"closed","sticky":false,"template":"","format":"standard","meta":{"fifu_image_url":"","fifu_image_alt":"","footnotes":""},"categories":[73,55],"tags":[],"class_list":["post-21102","post","type-post","status-publish","format-standard","hentry","category-actualite","category-tunisie"],"_links":{"self":[{"href":"https:\/\/linitiative.ca\/International\/wp-json\/wp\/v2\/posts\/21102","targetHints":{"allow":["GET"]}}],"collection":[{"href":"https:\/\/linitiative.ca\/International\/wp-json\/wp\/v2\/posts"}],"about":[{"href":"https:\/\/linitiative.ca\/International\/wp-json\/wp\/v2\/types\/post"}],"author":[{"embeddable":true,"href":"https:\/\/linitiative.ca\/International\/wp-json\/wp\/v2\/users\/1772"}],"replies":[{"embeddable":true,"href":"https:\/\/linitiative.ca\/International\/wp-json\/wp\/v2\/comments?post=21102"}],"version-history":[{"count":0,"href":"https:\/\/linitiative.ca\/International\/wp-json\/wp\/v2\/posts\/21102\/revisions"}],"wp:attachment":[{"href":"https:\/\/linitiative.ca\/International\/wp-json\/wp\/v2\/media?parent=21102"}],"wp:term":[{"taxonomy":"category","embeddable":true,"href":"https:\/\/linitiative.ca\/International\/wp-json\/wp\/v2\/categories?post=21102"},{"taxonomy":"post_tag","embeddable":true,"href":"https:\/\/linitiative.ca\/International\/wp-json\/wp\/v2\/tags?post=21102"}],"curies":[{"name":"wp","href":"https:\/\/api.w.org\/{rel}","templated":true}]}}