{"id":21105,"date":"2019-03-11T13:42:00","date_gmt":"2019-03-11T17:42:00","guid":{"rendered":"https:\/\/linitiative.ca\/International\/premieres-consequences-de-la-protesta-les-prix-des-fruits-et-legumes-prennent-des-ailes\/"},"modified":"2019-03-11T13:42:00","modified_gmt":"2019-03-11T17:42:00","slug":"premieres-consequences-de-la-protesta-les-prix-des-fruits-et-legumes-prennent-des-ailes","status":"publish","type":"post","link":"https:\/\/linitiative.ca\/International\/premieres-consequences-de-la-protesta-les-prix-des-fruits-et-legumes-prennent-des-ailes\/","title":{"rendered":"PREMIERES CONSEQUENCES DE LA PROTESTA : Les prix des  fruits et l\u00e9gumes  prennent des ailes"},"content":{"rendered":"<p><br id=\"sep_para_1\" class=\"sep_para access\"\/><\/p>\n<div id=\"para_1\" class=\"para_29701284 resize\">\n<div class=\"texte access firstletter\">L\u2019appel \u00e0 la gr\u00e8ve, lanc\u00e9 par certains internautes via le r\u00e9seau social Facebook o\u00f9 plusieurs locaux \u00e0 travers la wilaya de Mostaganem\u00a0 semblent avoir un impact\u00a0 sur\u00a0 la vente de produits alimentaires, dont\u00a0 le prix de certains l\u00e9gumes et fruits a pris des ailes. En effet, cette situation a influ\u00e9 n\u00e9gativement sur le march\u00e9 et a cr\u00e9\u00e9 un d\u00e9s\u00e9quilibre des prix\u00a0 car on a constat\u00e9 \u00e0 travers les march\u00e9s de la wilaya ces derniers jours une foule de citoyens dont\u00a0 les petites et moyennes bourses qui\u00a0 se rabattaient\u00a0\u00a0 sur les l\u00e9gumes en plus des produits de large consommation. A vrai dire, les prix pratiqu\u00e9s ne sont plus \u00e0 la port\u00e9e des bourses moyennes, qui arrivent tout juste \u00e0 boucler les fins de mois et \u00e0 acheter uniquement ce qui est n\u00e9cessaire. Le client n\u2019a plus le droit de discuter les prix propos\u00e9s. C\u2019est \u00e0 prendre ou \u00e0 laisser, et quand il cherche \u00e0 savoir le pourquoi de ces pratiques malhonn\u00eates, le marchand r\u00e9pond que c\u2019est la loi de l\u2019offre et de la demande ce moment, les aubergines se vendaient, \u00e0 60 DA, le chou-fleur de 60 DA \u00e0 80 DA, la carotte et le navet \u00e0 70 DA, la pomme de terre \u00e0 60 DA, la tomate \u00e0 120 DA, le petit pois entre 100 \u00e0 130 DA, l\u2019oignon \u00e0 50 DA, la courgette \u00e0 110 DA, le piment doux \u00e0 150 DA et le piment fort \u00e0 200 DA. Pour ce qui est des fruits, l\u2019orange Thomson se vendait \u00e0 100 DA, la banane \u00e0 300 DA. Devant cette situation, les clients se plaignaient et les commer\u00e7ants s&rsquo;en d\u00e9fendaient, affirmant qu&rsquo;ils ont achet\u00e9 cher et leur marge b\u00e9n\u00e9ficiaire n&rsquo;a pas chang\u00e9.\u00a0 Les clients veulent savoir pourquoi la mercuriale a atteint de tels sommets, alors que la presse fait \u00e9tat ces derniers jours de la vente de la pomme de terre \u00e0 40 DA le kilo\u00a0 dans certaines villes du nord, en attendant que la vague passe, Certains vendeurs vont sans\u00a0 doute dire que ces prix sont ceux relev\u00e9s aux march\u00e9s gros de Souk Elil.\u00a0\u00a0\u00a0\u00a0\u00a0\u00a0\u00a0\u00a0\u00a0\u00a0\u00a0\u00a0\u00a0\u00a0\u00a0\u00a0\u00a0\u00a0\u00a0<\/div>\n<\/div>\n<p>Auteur: Gana Yacine<br \/>\n<a href=\"https:\/\/www.reflexiondz.net\/PREMIERES-CONSEQUENCES-DE-LA-PROTESTA-Les-prix-des-fruits-et-legumes-prennent-des-ailes_a54890.html\">Cliquez ici pour lire l&rsquo;article depuis sa source.<\/a><\/p>\n","protected":false},"excerpt":{"rendered":"<p>L\u2019appel \u00e0 la gr\u00e8ve, lanc\u00e9 par certains internautes via le r\u00e9seau social Facebook o\u00f9 plusieurs locaux \u00e0 travers la wilaya de Mostaganem\u00a0 semblent avoir un impact\u00a0 sur\u00a0 la vente de produits alimentaires, dont\u00a0 le prix de certains l\u00e9gumes et fruits a pris des ailes. En effet, cette situation a influ\u00e9 n\u00e9gativement sur le march\u00e9 et [&hellip;]<\/p>\n","protected":false},"author":1740,"featured_media":0,"comment_status":"closed","ping_status":"closed","sticky":false,"template":"","format":"standard","meta":{"fifu_image_url":"","fifu_image_alt":"","footnotes":""},"categories":[53,76],"tags":[],"class_list":["post-21105","post","type-post","status-publish","format-standard","hentry","category-algerie","category-regions"],"_links":{"self":[{"href":"https:\/\/linitiative.ca\/International\/wp-json\/wp\/v2\/posts\/21105","targetHints":{"allow":["GET"]}}],"collection":[{"href":"https:\/\/linitiative.ca\/International\/wp-json\/wp\/v2\/posts"}],"about":[{"href":"https:\/\/linitiative.ca\/International\/wp-json\/wp\/v2\/types\/post"}],"author":[{"embeddable":true,"href":"https:\/\/linitiative.ca\/International\/wp-json\/wp\/v2\/users\/1740"}],"replies":[{"embeddable":true,"href":"https:\/\/linitiative.ca\/International\/wp-json\/wp\/v2\/comments?post=21105"}],"version-history":[{"count":0,"href":"https:\/\/linitiative.ca\/International\/wp-json\/wp\/v2\/posts\/21105\/revisions"}],"wp:attachment":[{"href":"https:\/\/linitiative.ca\/International\/wp-json\/wp\/v2\/media?parent=21105"}],"wp:term":[{"taxonomy":"category","embeddable":true,"href":"https:\/\/linitiative.ca\/International\/wp-json\/wp\/v2\/categories?post=21105"},{"taxonomy":"post_tag","embeddable":true,"href":"https:\/\/linitiative.ca\/International\/wp-json\/wp\/v2\/tags?post=21105"}],"curies":[{"name":"wp","href":"https:\/\/api.w.org\/{rel}","templated":true}]}}