{"id":21106,"date":"2019-03-11T14:42:55","date_gmt":"2019-03-11T18:42:55","guid":{"rendered":"https:\/\/linitiative.ca\/International\/ligue-1-le-ca-pour-confirmer-contre-le-st\/"},"modified":"2019-03-11T14:42:55","modified_gmt":"2019-03-11T18:42:55","slug":"ligue-1-le-ca-pour-confirmer-contre-le-st","status":"publish","type":"post","link":"https:\/\/linitiative.ca\/International\/ligue-1-le-ca-pour-confirmer-contre-le-st\/","title":{"rendered":"Ligue 1 : Le CA pour confirmer contre le ST"},"content":{"rendered":"<div class=\"post-cont-in left relative\">\n<div class=\"nc_socialPanel swp_flatFresh swp_d_fullColor swp_i_fullColor swp_o_fullColor scale-100 scale-fullWidth\" data-position=\"none\" data-float=\"floatNone\" data-count=\"5\" data-floatcolor=\"#ffffff\" data-emphasize=\"0\">\n<div class=\"nc_tweetContainer totes totesalt\" data-id=\"6\"><span class=\"swp_count\"><span class=\"swp_label\">Partages<\/span> 1<\/span><\/div>\n<\/div>\n<p><span>Apr\u00e8s avoir ferm\u00e9 la parenth\u00e8se africaine, le CA devra forc\u00e9ment encha\u00eener, ce mardi (14h30), face au CA pour le compte de la 4\u00e8me journ\u00e9e retour de la Ligue 1 au stade de Hedi Naifer.<\/span><\/p>\n<p><span>Cette rencontre en retard face au Stade Tunisien devra \u00eatre n\u00e9goci\u00e9e avec doigt\u00e9 et d\u00e9termination, compte tenu de la valeur de l\u2019adversaire qui jouera dans son jardin.<\/span><span>\u00a0<\/span><\/p>\n<div class=\"code-block code-block-1 c3\"><ins class=\"adsbygoogle c2\" data-ad-layout=\"in-article\" data-ad-format=\"fluid\" data-ad-client=\"ca-pub-2102118777505746\" data-ad-slot=\"7301775417\"\/> <\/div>\n<p><strong>Mission d\u00e9licate\u00a0<\/strong><\/p>\n<p><span>Apr\u00e8s une bouff\u00e9e d\u2019oxyg\u00e8ne gr\u00e2ce \u00e0 l\u2019effet de Victor\u00a0<\/span><span>Zvunka<\/span><span>, l\u2019\u00e9quipe de Bab\u00a0<\/span><span>Jedid<\/span><span>\u00a0devra confirmer ses bons r\u00e9sultats, notamment apr\u00e8s avoir battu le CS Constantine en C1. Mais la mission des Clubistes sera\u00a0<\/span><span>in\u00e9vitablement assez d\u00e9licate contre un Stade Tunisien en crise apr\u00e8s 4 d\u00e9faites d\u2019affil\u00e9.\u00a0<\/span><span>\u00a0<\/span><\/p>\n<p><span>Le nouvel entra\u00eeneur des\u00a0<\/span><span>Bardolais<\/span><span>, Chokri\u00a0<\/span><span>Khatoui<\/span><span>, cherchera forc\u00e9ment \u00e0 faire un bon match \u00e0 l\u2019occasion de sa premi\u00e8re sortie sous les couleurs \u201cVert et Rouge\u201d, remettant son \u00e9quipe sur les rails. Nomm\u00e9 sur la t\u00eate de la barre technique des Stadistes depuis une semaine,\u00a0<\/span><span>Khatoui<\/span><span>\u00a0a beaucoup \u00e0 dire lors de ce petit derby tunisois.\u00a0<\/span><span>\u00a0<\/span><\/p>\n<p><strong>Quel onze de d\u00e9part ?\u00a0<\/strong><\/p>\n<p><span>En d\u00e9placement au Bardo, le jeune d\u00e9fenseur axial franco-s\u00e9n\u00e9galis\u00a0<\/span><span>Waly<\/span><span>\u00a0Diouf pourrait faire partie du onze de d\u00e9part \u00e0 la place de Bilel\u00a0<\/span><span>Ifa<\/span><span>\u00a0ou\u00a0<\/span><span>Fakhreddine<\/span><span>\u00a0<\/span><span>Jaziri<\/span><span>\u00a0afin les r\u00e9cup\u00e9rer avant le match d\u2019Al-<\/span><span>Ismaily<\/span><span>\u00a0samedi prochain. M\u00eame cas pour le lat\u00e9ral gauche Ali Abdi qui sera probablement remplac\u00e9 par Youssef\u00a0<\/span><span>Ayachi<\/span><span>. Ainsi<\/span><span>. L<\/span><span>e Club Africain devra faire avec Ghazi Ayadi qui s\u2019est remis de sa sanction pour somme d\u2019avertissements. Le 26 Clubiste s\u2019est montr\u00e9 dynamique lors du dernier match contre les Alg\u00e9riens du CSC en Ligue des champions. D\u2019autre part, l\u2019ailier Bilel\u00a0<\/span><span>Khefifi<\/span><span>\u00a0sera inscrit \u00e0 la feuille du match apr\u00e8s \u00eatre mis au placard les deux derniers matchs.<\/span><span>\u00a0<\/span><\/p>\n<p><span>En revanche, l\u2019absence de Ahmed Khalil se poursuit. Bless\u00e9 lors du match de l\u2019ESS en championnat le 23 janvier, le milieu de terrain Clubiste\u00a0<\/span><span>n<\/span><span>\u2018a\u00a0<\/span><span>pas encore re\u00e7u le feu vert du staff m\u00e9dical<\/span><span>. Il manquera encore \u00e0 l\u2019appel.<\/span><span>\u00a0<\/span><\/p>\n<p><span>Quant \u00e0 la composition du onze de d\u00e9part contre le ST, l\u2019incontournable Aymen\u00a0<\/span><span>Mathlouthi<\/span><span>\u00a0sera dans les bois, Diouf et\u00a0<\/span><span>Ifa<\/span><span>\u00a0ou\u00a0<\/span><span>Jaziri<\/span><span>\u00a0formeront l\u2019axe central alors que\u00a0<\/span><span>Ayachi<\/span><span>\u00a0<\/span><span>et\u00a0<\/span><span>A<\/span><span>gerbi<\/span><span>\u00a0<\/span><span>occuperont respectivement les flancs gauche et droit de la d\u00e9fense.\u00a0<\/span><span>\u00a0<\/span><\/p>\n<p><span>Pour le reste, le milieu de terrain sera orchestr\u00e9 par\u00a0<\/span><span>Wissem<\/span><span>\u00a0Ben Yahia, aux c\u00f4t\u00e9s de Ayadi et\u00a0<\/span><span>Mouchili<\/span><span>\u00a0<\/span><span>qui devront assurer la couverture et la relance. En attaque, on retrouvera le trio\u00a0<\/span><span>Khefifi<\/span><span>\u00a0\u2013 Compaor\u00e9 \u2013\u00a0<\/span><span>Chammakhi<\/span><span>\u00a0(<\/span><span>Dhaouadi<\/span><span>) dont le r\u00f4le offensif sera capital au final.<\/span><span>\u00a0<\/span><\/p>\n<div class=\"code-block code-block-2 c3\"><ins class=\"adsbygoogle c2\" data-ad-layout=\"in-article\" data-ad-format=\"fluid\" data-ad-client=\"ca-pub-2102118777505746\" data-ad-slot=\"7301775417\"\/> <\/div>\n<p><strong>Le groupe du CA\u00a0\u00a0<\/strong><\/p>\n<p><span>Aymen\u00a0<\/span><span>Mathlouthi<\/span><span>\u00a0\u2013 Aymen\u00a0<\/span><span>Jaballah<\/span><span>\u00a0\u2013 Bilel\u00a0<\/span><span>Ifa<\/span><span>\u00a0\u2013\u00a0<\/span><span>Fakhreddine<\/span><span>\u00a0<\/span><span>Jaziri<\/span><span>\u00a0\u2013\u00a0<\/span><span>Waly<\/span><span>\u00a0Diouf \u2013 Hamza\u00a0<\/span><span>Agerbi<\/span><span>\u00a0\u2013 Ali Abdi \u2013 Youssef\u00a0<\/span><span>Ayachi<\/span><span>\u00a0\u2013\u00a0<\/span><span>Wissem<\/span><span>\u00a0Ben Yahia \u2013 Ghazi Ayadi \u2013 Oussama\u00a0<\/span><span>Darragi<\/span><span>\u00a0\u2013 Ibrahim\u00a0<\/span><span>Mouchili<\/span><span>\u00a0\u2013 Slim Ben Othmen \u2013\u00a0<\/span><span>Mannoubi<\/span><span>\u00a0Haddad \u2013 Zouhaier\u00a0<\/span><span>Dhaouadi<\/span><span>\u00a0\u2013 Bassirou Compaor\u00e9 \u2013 Yassine\u00a0<\/span><span>Chammakhi<\/span><span>\u00a0\u2013 Bilel\u00a0<\/span><span>Khefifi<\/span><span>\u00a0\u2013 Wajdi\u00a0<\/span><span>Sahli<\/span><span>.<\/span><span>\u00a0<\/span><\/p>\n<div class=\"mvp-org-wrap mvp-org-logo\" itemprop=\"publisher\" itemscope=\"\" itemtype=\"https:\/\/schema.org\/Organization\"><img decoding=\"async\" src=\"https:\/\/www.tunisienumerique.com\/wp-content\/uploads\/2017\/02\/logo_tunisie_numerique.png\"\/><\/div>\n<div class=\"nc_socialPanel swp_flatFresh swp_d_fullColor swp_i_fullColor swp_o_fullColor scale-100 scale-fullWidth\" data-position=\"none\" data-float=\"floatNone\" data-count=\"5\" data-floatcolor=\"#ffffff\" data-emphasize=\"0\">\n<div class=\"nc_tweetContainer totes totesalt\" data-id=\"6\"><span class=\"swp_count\"><span class=\"swp_label\">Partages<\/span> 1<\/span><\/div>\n<\/div>\n<div class=\"mvp-related-posts left relative\">\n<h4 class=\"post-header\"><span class=\"post-header\">Lire aussi<\/span><\/h4>\n<\/div>\n<\/div>\n<p>Auteur:<br \/>\n<a href=\"https:\/\/www.tunisienumerique.com\/ligue-1-ca-confirmer-contre-st\/\">Cliquez ici pour lire l&rsquo;article depuis sa source.<\/a><\/p>\n","protected":false},"excerpt":{"rendered":"<p>Partages 1 Apr\u00e8s avoir ferm\u00e9 la parenth\u00e8se africaine, le CA devra forc\u00e9ment encha\u00eener, ce mardi (14h30), face au CA pour le compte de la 4\u00e8me journ\u00e9e retour de la Ligue 1 au stade de Hedi Naifer. Cette rencontre en retard face au Stade Tunisien devra \u00eatre n\u00e9goci\u00e9e avec doigt\u00e9 et d\u00e9termination, compte tenu de la [&hellip;]<\/p>\n","protected":false},"author":1789,"featured_media":21107,"comment_status":"closed","ping_status":"closed","sticky":false,"template":"","format":"standard","meta":{"fifu_image_url":"","fifu_image_alt":"","footnotes":""},"categories":[73,55],"tags":[],"class_list":["post-21106","post","type-post","status-publish","format-standard","has-post-thumbnail","hentry","category-actualite","category-tunisie"],"_links":{"self":[{"href":"https:\/\/linitiative.ca\/International\/wp-json\/wp\/v2\/posts\/21106","targetHints":{"allow":["GET"]}}],"collection":[{"href":"https:\/\/linitiative.ca\/International\/wp-json\/wp\/v2\/posts"}],"about":[{"href":"https:\/\/linitiative.ca\/International\/wp-json\/wp\/v2\/types\/post"}],"author":[{"embeddable":true,"href":"https:\/\/linitiative.ca\/International\/wp-json\/wp\/v2\/users\/1789"}],"replies":[{"embeddable":true,"href":"https:\/\/linitiative.ca\/International\/wp-json\/wp\/v2\/comments?post=21106"}],"version-history":[{"count":0,"href":"https:\/\/linitiative.ca\/International\/wp-json\/wp\/v2\/posts\/21106\/revisions"}],"wp:featuredmedia":[{"embeddable":true,"href":"https:\/\/linitiative.ca\/International\/wp-json\/"}],"wp:attachment":[{"href":"https:\/\/linitiative.ca\/International\/wp-json\/wp\/v2\/media?parent=21106"}],"wp:term":[{"taxonomy":"category","embeddable":true,"href":"https:\/\/linitiative.ca\/International\/wp-json\/wp\/v2\/categories?post=21106"},{"taxonomy":"post_tag","embeddable":true,"href":"https:\/\/linitiative.ca\/International\/wp-json\/wp\/v2\/tags?post=21106"}],"curies":[{"name":"wp","href":"https:\/\/api.w.org\/{rel}","templated":true}]}}