{"id":21154,"date":"2019-03-11T17:28:13","date_gmt":"2019-03-11T21:28:13","guid":{"rendered":"https:\/\/linitiative.ca\/International\/proces-du-putsch-les-auteurs-doivent-confesser-leurs-peches-jean-baptiste-ouedraogo\/"},"modified":"2019-03-11T17:28:13","modified_gmt":"2019-03-11T21:28:13","slug":"proces-du-putsch-les-auteurs-doivent-confesser-leurs-peches-jean-baptiste-ouedraogo","status":"publish","type":"post","link":"https:\/\/linitiative.ca\/International\/proces-du-putsch-les-auteurs-doivent-confesser-leurs-peches-jean-baptiste-ouedraogo\/","title":{"rendered":"Proc\u00e8s du putsch  : \u00abLes auteurs doivent confesser  leurs p\u00e9ch\u00e9s\u00bb, Jean-Baptiste Ou\u00e9draogo"},"content":{"rendered":"<div>\n<p><strong>L\u2019ancien Pr\u00e9sident du Faso, Jean-Baptiste Ou\u00e9draogo, a \u00e9t\u00e9 entendu au tribunal militaire, le lundi 11 mars 2019 en sa qualit\u00e9 de t\u00e9moin dans le cadre du proc\u00e8s du putsch de septembre 2015. Il a plaid\u00e9 la cl\u00e9mence du tribunal \u00e0 l\u2019endroit des accus\u00e9s, gage d\u2019une v\u00e9ritable r\u00e9conciliation entre Burkinab\u00e8.<\/strong><\/p>\n<p>Le passage de l\u2019ancien Pr\u00e9sident du Faso, Jean-Baptiste Ou\u00e9draogo, \u00e9tait l\u2019un des plus attendus parmi les t\u00e9moins du proc\u00e8s du putsch. Le lundi 11 mars 2019, il a lu une d\u00e9claration liminaire \u00e0 l\u2019adresse du tribunal avant de donner son t\u00e9moignage sur les \u00e9v\u00e8nements du 16 septembre 2015 et jours suivants. Son message est un appel au patriotisme et \u00e0 la promotion du vivre-ensemble. \u00abLaissons le pass\u00e9 au pass\u00e9. Nous ne pouvons pas tout juger. Notre nation a besoin de tous ceux qui se sont d\u00e9tourn\u00e9s du droit chemin. J\u2019en appelle \u00e0 la cl\u00e9mence exceptionnelle du tribunal car certains ont agi par omerta. Et l\u2019essentiel est de savoir les donneurs d\u2019ordre\u00bb, a-t-il d\u00e9clar\u00e9. En ces termes, le t\u00e9moin a interpell\u00e9 le peuple \u00e0 se concentrer sur le d\u00e9veloppement du pays. \u00abPour ce faire, chacun d\u2019entre nous doit contribuer \u00e0 la paix et \u00e0 la coh\u00e9sion nationale. Pour y arriver, les auteurs du putsch doivent confesser leurs p\u00e9ch\u00e9s afin d\u2019avoir l\u2019absolution\u00bb, a expliqu\u00e9 Jean-Baptiste Ou\u00e9draogo. Apr\u00e8s ce cri du c\u0153ur, il est revenu sur les faits.<\/p>\n<p>Selon lui, il a re\u00e7u l\u2019information de l\u2019arrestation des autorit\u00e9s aux environs de 16 h du Chef d\u2019\u00e9tat-major g\u00e9n\u00e9ral des arm\u00e9es (CEMGA) de l\u2019\u00e9poque, le g\u00e9n\u00e9ral Pingrenoma Zagr\u00e9, qui l\u2019a invit\u00e9 \u00e0 se joindre \u00e0 une r\u00e9union de la Commission de r\u00e9flexion et d\u2019aide \u00e0 la d\u00e9cision (CRAD) au minist\u00e8re de la D\u00e9fense nationale et des Anciens combattants (MDNAC). A la rencontre, le g\u00e9n\u00e9ral Gilbert Diend\u00e9r\u00e9 a inform\u00e9 les participants de l\u2019arrestation des autorit\u00e9s par des \u00e9l\u00e9ments de l\u2019ex-R\u00e9giment de s\u00e9curit\u00e9 pr\u00e9sidentielle (RSP) et a demand\u00e9 \u00e0 la hi\u00e9rarchie militaire d\u2019assumer la situation. Aux dires du t\u00e9moin, le d\u00e9saveu de l\u2019arm\u00e9e \u00e9tait clair et net. \u00abA toutes les r\u00e9unions auxquelles j\u2019ai particip\u00e9es, le refus \u00e9tait net\u00bb, a soutenu le pr\u00e9sident Jean-Baptiste Ou\u00e9draogo.<\/p>\n<p>Lorsque les tractations n\u2019ont pas abouti, le g\u00e9n\u00e9ral Diend\u00e9r\u00e9 a fait lire un communiqu\u00e9 portant la date du 16 septembre qui a donn\u00e9 au pr\u00e9sident Ou\u00e9draogo, l\u2019impression d\u2019\u00eatre une proclamation d\u2019un coup d\u2019Etat ; le t\u00e9moin a expliqu\u00e9 qu\u2019il a demand\u00e9 \u00e0 se retirer. Il a aussi d\u00e9menti avoir fait un quelconque amendement au texte du communiqu\u00e9. \u00abJ\u2019ai juste fait une remarque sur la date pour faire noter qu\u2019au petit matin (3h), ce n\u2019\u00e9tait plus le 16 mais le 17 septembre 2015.<\/p>\n<p>Pass\u00e9 la longue nuit de n\u00e9gociation infructueuse, je n\u2019ai \u00e9t\u00e9 associ\u00e9 qu\u2019aux n\u00e9gociations du 21 septembre\u00bb, a-t-il indiqu\u00e9. Il s\u2019est agi de faire lire une d\u00e9claration au g\u00e9n\u00e9ral Diend\u00e9r\u00e9 par laquelle celui-ci reconna\u00eetrait se soumettre, de m\u00eame que l\u2019ex-RSP, au commandement de l\u2019arm\u00e9e. Mais le texte lu \u00e9tait diff\u00e9rent de ce qu\u2019ils ont pr\u00e9sent\u00e9. \u00abLe g\u00e9n\u00e9ral a volontairement tronqu\u00e9 les parties qui ne leur \u00e9taient pas favorables\u00bb, a soulign\u00e9 le t\u00e9moin. Leurs actions \u00e0 ce moment, a confi\u00e9 le m\u00e9decin-commandant, visaient \u00e0 \u00e9viter un affrontement fratricide entre militaires en plein c\u0153ur de Ouagadougou.<\/p>\n<p><strong>Avouer les p\u00e9ch\u00e9s<\/strong><\/p>\n<p>Puis vint l\u2019\u00e9pisode du 29 septembre. L\u2019ancien pr\u00e9sident a relat\u00e9 au tribunal l\u2019\u00e9pisode des appels t\u00e9l\u00e9phoniques entre lui, le CEMGA Zagr\u00e9, l\u2019ancien ambassadeur am\u00e9ricain, Tulinabo Mushingi, le nonce apostolique (ambassadeur du Vatican) au Burkina Faso, Piergiorgio Pertoldi et le g\u00e9n\u00e9ral Diend\u00e9r\u00e9. Il a d\u00e9taill\u00e9 qu\u2019il a \u00e9t\u00e9 sollicit\u00e9 par le CEMGA pour faire entendre raison au g\u00e9n\u00e9ral Diend\u00e9r\u00e9 afin d\u2019\u00e9viter l\u2019affrontement en appelant ses hommes \u00e0 rendre les armes. Apr\u00e8s \u00e9changes, le g\u00e9n\u00e9ral Diend\u00e9r\u00e9 a voulu se rendre \u00e0 l\u2019ambassade des USA pour appeler, par voie de presse, ses hommes \u00e0 la reddition. Seulement, l\u2019ambassadeur Tulinabo a refus\u00e9 d\u2019ouvrir les portes de l\u2019ambassade au g\u00e9n\u00e9ral car n\u2019ayant pas eu l\u2019autorisation de Washington. Mushingi aurait sugg\u00e9r\u00e9 de se r\u00e9f\u00e9rer au nonce apostolique, plus proche du camp Naaba Koom II. Ce dernier ayant donn\u00e9 son accord, le message du g\u00e9n\u00e9ral a finalement \u00e9t\u00e9 livr\u00e9 sur les ondes de la radio Om\u00e9ga et celui-ci s\u2019est rendu chez l\u2019\u00e9missaire du Vatican, lieu d\u2019o\u00f9 il sera arr\u00eat\u00e9 plus tard par les services de gendarmerie.<\/p>\n<p>En r\u00e9action, le pr\u00e9venu Diend\u00e9r\u00e9 a soutenu que le CEMGA ne l\u2019a jamais appel\u00e9 pourquoi que ce soit. D\u2019ailleurs, pour ce qui est de sa pr\u00e9sence \u00e0 l\u2019Ambassade des USA, il s\u2019agissait d\u2019une r\u00e9union qui, finalement, n\u2019a pas eu lieu. \u00abJ\u2019ai m\u00eame rendu compte au pr\u00e9sident du non-lieu de la rencontre\u00bb, a-t-il ajout\u00e9. Aux interrogations du parquet sur certains aspects des \u00e9v\u00e9nements, le pr\u00e9sident Jean-Baptiste Ou\u00e9draogo a dit ne pas vouloir accorder de l\u2019importance aux d\u00e9tails. Pour lui, l\u2019essentiel se r\u00e9sume \u00e0 la r\u00e9ponse \u00e0 ces questions : \u00abqui a \u00e9t\u00e9 le donneur d\u2019ordre ? L\u2019acte a-t-il \u00e9t\u00e9 pr\u00e9m\u00e9dit\u00e9 ? Qui endosse la responsabilit\u00e9 ?\u00bb. Le t\u00e9moin a insist\u00e9 que \u00abseul quelqu\u2019un de responsable peut r\u00e9pondre \u00e0 ces questions et lib\u00e9rer beaucoup de consciences car c\u2019est en raison de l\u2019omerta que bon nombre d\u2019accus\u00e9s ont agi. Il est donc temps que les brebis \u00e9gar\u00e9es avouent leur p\u00e9ch\u00e9 afin d\u2019avoir l\u2019absolution\u00bb.<\/p>\n<p>Pour lui, seuls ceux qui ont op\u00e9r\u00e9 les arrestations peuvent donner le nom du donneur d\u2019ordre. Jean-Baptiste Ou\u00e9draogo a beaucoup invoqu\u00e9 la r\u00e9conciliation nationale, exhortant exceptionnellement le tribunal \u00e0 faire preuve de cl\u00e9mence pour \u00e9viter d\u2019exacerber des ranc\u0153urs et des d\u00e9sirs de vengeance et surtout tenir compte de la situation de certaines personnes qui, par devoir militaire et l\u00e9gitime conscience de repr\u00e9sailles, ont \u00e9t\u00e9 amen\u00e9s \u00e0 ex\u00e9cuter des ordres. \u00abLa cl\u00e9mence ouvrira la voie \u00e0 la coh\u00e9sion et la r\u00e9conciliation nationales que tous appellent de leurs v\u0153ux. Ce proc\u00e8s doit offrir au tribunal l\u2019opportunit\u00e9 de donner des le\u00e7ons d\u2019\u00e9ducation civique et politique pour marquer la limite entre les milieux politique et militaire\u00bb, a plaid\u00e9 l\u2019ancien pr\u00e9sident burkinab\u00e8. Et Me Prosp\u00e8re Farma d\u2019esp\u00e9rer que cet appel sera entendu mais pour l\u2019heure, il faut que la responsabilit\u00e9 soit assum\u00e9e. Sinon, \u00abon parlera d\u2019un coup d\u2019Etat orphelin de p\u00e8re et m\u00e8re\u00bb. L\u2019audition de Jean-Baptiste Ou\u00e9draogo se poursuit ce mardi 12 mars 2019 toujours avec les questions des avocats de la partie civile.<\/p>\n<p style=\"text-align: right\"><strong>Fab\u00e9 Mamadou OUATTARA &#038;<\/strong><br \/><strong>Fleur BIRBA<\/strong><\/p>\n<p>L\u2019article <a rel=\"nofollow\" href=\"https:\/\/www.sidwaya.info\/blog\/2019\/03\/11\/proces-du-putsch-les-auteurs-doivent-confesser-leurs-peches-jean-baptiste-ouedraogo\/\">Proc\u00e8s du putsch  : \u00abLes auteurs doivent confesser  leurs p\u00e9ch\u00e9s\u00bb, Jean-Baptiste Ou\u00e9draogo<\/a> est apparu en premier sur <a rel=\"nofollow\" href=\"https:\/\/www.sidwaya.info\/\">Quotidien Sidwaya<\/a>.<\/p>\n<\/div>\n<p>Auteur: DD. Sidwaya<br \/>\n<a href=\"https:\/\/www.sidwaya.info\/blog\/2019\/03\/11\/proces-du-putsch-les-auteurs-doivent-confesser-leurs-peches-jean-baptiste-ouedraogo\/\">Cliquez ici pour lire l&rsquo;article depuis sa source.<\/a><\/p>\n","protected":false},"excerpt":{"rendered":"<p>L\u2019ancien Pr\u00e9sident du Faso, Jean-Baptiste Ou\u00e9draogo, a \u00e9t\u00e9 entendu au tribunal militaire, le lundi 11 mars 2019 en sa qualit\u00e9 de t\u00e9moin dans le cadre du proc\u00e8s du putsch de septembre 2015. Il a plaid\u00e9 la cl\u00e9mence du tribunal \u00e0 l\u2019endroit des accus\u00e9s, gage d\u2019une v\u00e9ritable r\u00e9conciliation entre Burkinab\u00e8. Le passage de l\u2019ancien Pr\u00e9sident du [&hellip;]<\/p>\n","protected":false},"author":1816,"featured_media":0,"comment_status":"closed","ping_status":"closed","sticky":false,"template":"","format":"standard","meta":{"fifu_image_url":"","fifu_image_alt":"","footnotes":""},"categories":[73,81],"tags":[],"class_list":["post-21154","post","type-post","status-publish","format-standard","hentry","category-actualite","category-burkina-faso"],"_links":{"self":[{"href":"https:\/\/linitiative.ca\/International\/wp-json\/wp\/v2\/posts\/21154","targetHints":{"allow":["GET"]}}],"collection":[{"href":"https:\/\/linitiative.ca\/International\/wp-json\/wp\/v2\/posts"}],"about":[{"href":"https:\/\/linitiative.ca\/International\/wp-json\/wp\/v2\/types\/post"}],"author":[{"embeddable":true,"href":"https:\/\/linitiative.ca\/International\/wp-json\/wp\/v2\/users\/1816"}],"replies":[{"embeddable":true,"href":"https:\/\/linitiative.ca\/International\/wp-json\/wp\/v2\/comments?post=21154"}],"version-history":[{"count":0,"href":"https:\/\/linitiative.ca\/International\/wp-json\/wp\/v2\/posts\/21154\/revisions"}],"wp:attachment":[{"href":"https:\/\/linitiative.ca\/International\/wp-json\/wp\/v2\/media?parent=21154"}],"wp:term":[{"taxonomy":"category","embeddable":true,"href":"https:\/\/linitiative.ca\/International\/wp-json\/wp\/v2\/categories?post=21154"},{"taxonomy":"post_tag","embeddable":true,"href":"https:\/\/linitiative.ca\/International\/wp-json\/wp\/v2\/tags?post=21154"}],"curies":[{"name":"wp","href":"https:\/\/api.w.org\/{rel}","templated":true}]}}