{"id":21155,"date":"2019-03-11T17:32:26","date_gmt":"2019-03-11T21:32:26","guid":{"rendered":"https:\/\/linitiative.ca\/International\/action-gouvernementale-lelan-dun-coup-daccelerateur-au-pndes\/"},"modified":"2019-03-11T17:32:26","modified_gmt":"2019-03-11T21:32:26","slug":"action-gouvernementale-lelan-dun-coup-daccelerateur-au-pndes","status":"publish","type":"post","link":"https:\/\/linitiative.ca\/International\/action-gouvernementale-lelan-dun-coup-daccelerateur-au-pndes\/","title":{"rendered":"Action gouvernementale : l\u2019\u00e9lan d\u2019un coup d\u2019acc\u00e9l\u00e9rateur au PNDES"},"content":{"rendered":"<div>\n<p>Un s\u00e9minaire gouvernemental \u00e9largi aux secr\u00e9taires g\u00e9n\u00e9raux des minist\u00e8res et des institutions, s\u2019est tenu le lundi 11 mars 2019 \u00e0 Ouagadougou. La rencontre a port\u00e9 sur l\u2019organisation du travail gouvernemental et les relations de l\u2019ex\u00e9cutif et le parlement.<\/p>\n<p>L\u2019ex\u00e9cutif burkinab\u00e8 veut insuffler une nouvelle dynamique pour le succ\u00e8s du Plan national de d\u00e9veloppement \u00e9conomique et social (PNDES). A cet effet, sous le leadership du Premier ministre, Christophe Marie Joseph Dabir\u00e9, il a dot\u00e9 ses membres d\u2019outils n\u00e9cessaires \u00e0 l\u2019atteinte de cette mission, hier \u00e0 Ouagadougou, lors d\u2019un s\u00e9minaire gouvernemental. A l\u2019issue de la rencontre, le secr\u00e9taire g\u00e9n\u00e9ral du gouvernement, St\u00e9phane Sanou, a indiqu\u00e9 qu\u2019elle a port\u00e9 sur deux grandes th\u00e9matiques.<\/p>\n<p>Il s\u2019agit de l\u2019organisation du travail gouvernemental et des relations entre l\u2019ex\u00e9cutif et le Parlement. \u00abNous avons communiqu\u00e9 sur la diplomatie, la coop\u00e9ration sur le gouvernement dans ses relations avec les institutions et un certain nombre d\u2019aspects sur la communication gouvernementale\u00bb, a-t-il pr\u00e9cis\u00e9. M. Sanou s\u2019est r\u00e9joui du fait que le cadre convivial ait permis de recycler les anciens ministres et de mettre les nouveaux dans le bain de l\u2019action gouvernementale. Et pour donner un coup d\u2019acc\u00e9l\u00e9rateur au PNDES, les secr\u00e9taires g\u00e9n\u00e9raux des minist\u00e8res et de certaines institutions ont \u00e9t\u00e9 associ\u00e9s \u00e0 l\u2019exercice.<\/p>\n<p>Il s\u2019agit, entre autres, du Conseil constitutionnel, du Conseil d\u2019Etat, de la Cour des comptes et de l\u2019Autorit\u00e9 de r\u00e9gulation de la commande publique de l\u2019Etat (ARCOP). Le s\u00e9minaire a \u00e9t\u00e9 une occasion pour harmoniser la mani\u00e8re de produire les rapports des conseils des ministres et de cabinet, afin de limiter les disparit\u00e9s dans le fond et la forme. A \u00e9couter le SG du gouvernement, cette rencontre a aussi permis \u00abd\u2019aplanir quelques incompr\u00e9hensions\u00bb lorsqu\u2019un ministre est appel\u00e9 \u00e0 r\u00e9pondre aux questions orales et d\u2019actualit\u00e9 \u00e0 l\u2019Assembl\u00e9e nationale. \u00abAvant, lorsqu\u2019un ministre est absent, nous ne savons pas s\u2019il pouvait \u00eatre remplac\u00e9.<\/p>\n<p>Tout cela a \u00e9t\u00e9 clarifi\u00e9 et cela est d\u00e9sormais possible\u00bb, a-t-il expliqu\u00e9. Autre aspect abord\u00e9 \u00e0 cette rencontre, la communication gouvernementale. A ce propos, St\u00e9phane Sanou a confi\u00e9 qu\u2019une place de choix est donn\u00e9e au ministre de la Communication et des Relations avec le Parlement. Toutefois, il a pr\u00e9cis\u00e9 que chaque ministre doit rendre visible son d\u00e9partement, \u00e0 travers les actions men\u00e9es avec l\u2019accompagnement du minist\u00e8re en charge de la communication.<\/p>\n<p style=\"text-align: right\"><strong>Abdoulaye BALBONE<\/strong><\/p>\n<p>L\u2019article <a rel=\"nofollow\" href=\"https:\/\/www.sidwaya.info\/blog\/2019\/03\/11\/action-gouvernementale-lelan-dun-coup-daccelerateur-au-pndes\/\">Action gouvernementale : l\u2019\u00e9lan d\u2019un coup d\u2019acc\u00e9l\u00e9rateur au PNDES<\/a> est apparu en premier sur <a rel=\"nofollow\" href=\"https:\/\/www.sidwaya.info\/\">Quotidien Sidwaya<\/a>.<\/p>\n<\/div>\n<p>Auteur: DD. Sidwaya<br \/>\n<a href=\"https:\/\/www.sidwaya.info\/blog\/2019\/03\/11\/action-gouvernementale-lelan-dun-coup-daccelerateur-au-pndes\/\">Cliquez ici pour lire l&rsquo;article depuis sa source.<\/a><\/p>\n","protected":false},"excerpt":{"rendered":"<p>Un s\u00e9minaire gouvernemental \u00e9largi aux secr\u00e9taires g\u00e9n\u00e9raux des minist\u00e8res et des institutions, s\u2019est tenu le lundi 11 mars 2019 \u00e0 Ouagadougou. La rencontre a port\u00e9 sur l\u2019organisation du travail gouvernemental et les relations de l\u2019ex\u00e9cutif et le parlement. L\u2019ex\u00e9cutif burkinab\u00e8 veut insuffler une nouvelle dynamique pour le succ\u00e8s du Plan national de d\u00e9veloppement \u00e9conomique et [&hellip;]<\/p>\n","protected":false},"author":1816,"featured_media":0,"comment_status":"closed","ping_status":"closed","sticky":false,"template":"","format":"standard","meta":{"fifu_image_url":"","fifu_image_alt":"","footnotes":""},"categories":[73,81],"tags":[],"class_list":["post-21155","post","type-post","status-publish","format-standard","hentry","category-actualite","category-burkina-faso"],"_links":{"self":[{"href":"https:\/\/linitiative.ca\/International\/wp-json\/wp\/v2\/posts\/21155","targetHints":{"allow":["GET"]}}],"collection":[{"href":"https:\/\/linitiative.ca\/International\/wp-json\/wp\/v2\/posts"}],"about":[{"href":"https:\/\/linitiative.ca\/International\/wp-json\/wp\/v2\/types\/post"}],"author":[{"embeddable":true,"href":"https:\/\/linitiative.ca\/International\/wp-json\/wp\/v2\/users\/1816"}],"replies":[{"embeddable":true,"href":"https:\/\/linitiative.ca\/International\/wp-json\/wp\/v2\/comments?post=21155"}],"version-history":[{"count":0,"href":"https:\/\/linitiative.ca\/International\/wp-json\/wp\/v2\/posts\/21155\/revisions"}],"wp:attachment":[{"href":"https:\/\/linitiative.ca\/International\/wp-json\/wp\/v2\/media?parent=21155"}],"wp:term":[{"taxonomy":"category","embeddable":true,"href":"https:\/\/linitiative.ca\/International\/wp-json\/wp\/v2\/categories?post=21155"},{"taxonomy":"post_tag","embeddable":true,"href":"https:\/\/linitiative.ca\/International\/wp-json\/wp\/v2\/tags?post=21155"}],"curies":[{"name":"wp","href":"https:\/\/api.w.org\/{rel}","templated":true}]}}